{"id":10767,"date":"2019-10-18T05:04:00","date_gmt":"2019-10-18T08:04:00","guid":{"rendered":"http:\/\/progepe.ufpr.br\/portal\/?post_type=portarias&#038;p=10767"},"modified":"2024-09-17T13:33:45","modified_gmt":"2024-09-17T16:33:45","slug":"rt-2019-00973","status":"publish","type":"post","link":"https:\/\/progepe.ufpr.br\/portarias\/rt-2019-00973\/","title":{"rendered":"PORTARIA N\u00ba 00973\/REITORIA, DE 16 DE OUTUBRO DE 2019"},"content":{"rendered":"\n<p style=\"padding-left:43%\">O Reitor da Universidade Federal do Paran\u00e1, no uso de suas atribui\u00e7\u00f5es e tendo em vista o que consta no processo n\u00ba 23075.073980\/2019-18,<\/p>\n\n\n\n<p style=\"padding-left:43%\"><strong>RESOLVE:<\/strong><\/p>\n\n\n\n<p>I. Designar para compor a Comiss\u00e3o de \u00c9tica da Universidade Federal do Paran\u00e1, os seguintes membros:<\/p>\n\n\n\n<p class=\"has-small-font-size\" style=\"padding-left:var(--wp--preset--spacing--40)\"><strong>Presidente\/Membro Titular:<\/strong><\/p>\n\n\n\n<p class=\"has-small-font-size\" style=\"padding-left:var(--wp--preset--spacing--60)\">BRENO MACHADO DE PAULA &#8211; 2267783 (mandato at\u00e9 26\/10\/2020)<\/p>\n\n\n\n<p class=\"has-small-font-size\" style=\"padding-left:var(--wp--preset--spacing--40)\"><strong>Membros Titulares:<\/strong><\/p>\n\n\n\n<p class=\"has-small-font-size\" style=\"padding-left:var(--wp--preset--spacing--60)\">SERGIO SAID STAUT JUNIOR &#8211; 1594932 (mandato at\u00e9 04\/04\/2020)<br>MARIA ISABEL DE MAGALH\u00c3ES PAPATERRA LIMONGI &#8211; 344323 (mandato at\u00e9 04\/04\/2020)<\/p>\n\n\n\n<p class=\"has-small-font-size\" style=\"padding-left:var(--wp--preset--spacing--40)\"><strong>Membros Suplentes:<\/strong><\/p>\n\n\n\n<p class=\"has-small-font-size\" style=\"padding-left:var(--wp--preset--spacing--60)\">ZILDA NERES DE SOUZA &#8211; 1058195 (mandato at\u00e9 01\/07\/2020)<br>SILVANA MARIA CARBONERA &#8211; 1718393 (mandato at\u00e9 08\/10\/2022)<br>ANARA RAMUANA DE SOUZA OLIVEIRA STRAPPAZZON &#8211; 2996561 (mandato at\u00e9 08\/10\/2022)<\/p>\n\n\n\n<p class=\"has-small-font-size\" style=\"padding-left:var(--wp--preset--spacing--40)\"><strong>Secret\u00e1ria:<\/strong><\/p>\n\n\n\n<p class=\"has-small-font-size\" style=\"padding-left:var(--wp--preset--spacing--60)\">VERA LUCIA MARTINS DA CONCEI\u00c7\u00c3O &#8211; 3144042 (mandato at\u00e9 08\/10\/2022)<\/p>\n\n\n\n<div style=\"height:0.5em\" aria-hidden=\"true\" class=\"wp-block-spacer\"><\/div>\n\n\n\n<p>II. Esta Portaria cessa os efeitos das Portarias <a href=\"https:\/\/progepe.ufpr.br\/portarias\/rt-2016-02771\/\" data-type=\"post\" data-id=\"89999\">n\u00ba 2.771\/REITORIA, de 06 de outubro de 2016<\/a>; <a href=\"https:\/\/progepe.ufpr.br\/portarias\/rt-2017-00248\/\" data-type=\"post\" data-id=\"82453\">n\u00ba 248\/REITORIA, de 05 de abril de 2017<\/a>; <a href=\"https:\/\/progepe.ufpr.br\/portarias\/rt-2017-00725\/\" data-type=\"post\" data-id=\"82514\">n\u00ba 725\/REITORIA, de 27 de outubro de 2017<\/a>; <a href=\"https:\/\/progepe.ufpr.br\/portarias\/rt-2019-00495\/\" data-type=\"post\" data-id=\"70332\">n\u00ba 495\/REITORIA, de 25 de junho de 2019<\/a>; e, <a href=\"https:\/\/progepe.ufpr.br\/portarias\/rt-2019-00496\/\" data-type=\"post\" data-id=\"70333\">n\u00ba 496\/REITORIA, de 25 de junho de 2019<\/a>.<\/p>\n","protected":false},"excerpt":{"rendered":"<p>I. Designar para compor a Comiss\u00e3o de \u00c9tica da Universidade Federal do Paran\u00e1, os seguintes membros:  <!-- wp:paragraph {\"style\":{\"spacing\":{\"padding\":{\"left\":\"var:preset|spacing|40\"}}},\"fontSize\":\"small\"} \n\n<p class=\"has-small-font-size\" style=\"padding-left:var(--wp--preset--spacing--40)\"><strong>Presidente\/Membro Titular:<\/strong>  <!-- wp:paragraph {\"style\":{\"spacing\":{\"padding\":{\"left\":\"var:preset|spacing|60\"}}},\"fontSize\":\"small\"} \n\n<p class=\"has-small-font-size\" style=\"padding-left:var(--wp--preset--spacing--60)\">BRENO MACHADO DE PAULA - 2267783 (mandato at\u00e9 26\/10\/2020)  <!-- wp:paragraph {\"style\":{\"spacing\":{\"padding\":{\"left\":\"var:preset|spacing|40\"}}},\"fontSize\":\"small\"} \n\n<p class=\"has-small-font-size\" style=\"padding-left:var(--wp--preset--spacing--40)\"><strong>Membros Titulares:<\/strong>  <!-- wp:paragraph {\"style\":{\"spacing\":{\"padding\":{\"left\":\"var:preset|spacing|60\"}}},\"fontSize\":\"small\"} \n\n<p class=\"has-small-font-size\" style=\"padding-left:var(--wp--preset--spacing--60)\">SERGIO\n<\/p>\n","protected":false},"author":49,"featured_media":0,"comment_status":"closed","ping_status":"closed","sticky":false,"template":"","format":"standard","meta":{"_acf_changed":false,"iawp_total_views":8,"footnotes":""},"categories":[117],"tags":[124],"class_list":["post-10767","post","type-post","status-publish","format-standard","hentry","category-rt","tag-comissao"],"acf":[],"_links":{"self":[{"href":"https:\/\/progepe.ufpr.br\/portarias\/wp-json\/wp\/v2\/posts\/10767","targetHints":{"allow":["GET"]}}],"collection":[{"href":"https:\/\/progepe.ufpr.br\/portarias\/wp-json\/wp\/v2\/posts"}],"about":[{"href":"https:\/\/progepe.ufpr.br\/portarias\/wp-json\/wp\/v2\/types\/post"}],"author":[{"embeddable":true,"href":"https:\/\/progepe.ufpr.br\/portarias\/wp-json\/wp\/v2\/users\/49"}],"replies":[{"embeddable":true,"href":"https:\/\/progepe.ufpr.br\/portarias\/wp-json\/wp\/v2\/comments?post=10767"}],"version-history":[{"count":4,"href":"https:\/\/progepe.ufpr.br\/portarias\/wp-json\/wp\/v2\/posts\/10767\/revisions"}],"predecessor-version":[{"id":257343,"href":"https:\/\/progepe.ufpr.br\/portarias\/wp-json\/wp\/v2\/posts\/10767\/revisions\/257343"}],"wp:attachment":[{"href":"https:\/\/progepe.ufpr.br\/portarias\/wp-json\/wp\/v2\/media?parent=10767"}],"wp:term":[{"taxonomy":"category","embeddable":true,"href":"https:\/\/progepe.ufpr.br\/portarias\/wp-json\/wp\/v2\/categories?post=10767"},{"taxonomy":"post_tag","embeddable":true,"href":"https:\/\/progepe.ufpr.br\/portarias\/wp-json\/wp\/v2\/tags?post=10767"}],"curies":[{"name":"wp","href":"https:\/\/api.w.org\/{rel}","templated":true}]}}