{"id":107760,"date":"2014-08-29T10:05:00","date_gmt":"2014-08-29T13:05:00","guid":{"rendered":"http:\/\/progepe.ufpr.br\/portarias\/progepe-2014-08349\/"},"modified":"2023-08-03T11:56:45","modified_gmt":"2023-08-03T14:56:45","slug":"progepe-2014-08349","status":"publish","type":"post","link":"https:\/\/progepe.ufpr.br\/portarias\/progepe-2014-08349\/","title":{"rendered":"PORTARIA N\u00ba 08349\/PROGEPE, DE 29 DE AGOSTO DE 2014"},"content":{"rendered":"\n<p>O Pr\u00f3-Reitor de Gest\u00e3o de Pessoas da Universidade Federal do Paran\u00e1, no uso de suas atribui\u00e7\u00f5es, tendo em vista a compet\u00eancia que lhe \u00e9 conferida pela Portaria n\u00ba 2.590, de 26 de setembro de 1997, de acordo com o Art. 10 da Lei n\u00ba 11.091\/05; a Resolu\u00e7\u00e3o CNS n\u00ba 04\/06; a Lei n\u00ba 12.772\/12; e, ainda, o contido no processo n\u00ba 034266\/2014-91,<\/p>\n\n\n<p><strong>RESOLVE:<\/strong><\/p>\n\n\n<p>I. Conceder progress\u00e3o por capacita\u00e7\u00e3o profissional \u00e0 servidora KARINA FERREIRA DE LIMA \u2013 179868, ocupante do cargo de Assistente em Administra\u00e7\u00e3o, lotado no N\u00facleo de Pr\u00e1ticas Jur\u00eddicas do Setor de Ci\u00eancias Jur\u00eddicas, do n\u00edvel D-02 para o D-03, padr\u00e3o de Vencimento 06, a partir de 15 de agosto de 2014, tendo em vista os certificados apresentados \u00e0s folhas 02 a 04 do citado processo.<\/p><p> II. O citado servidor acumula para a pr\u00f3xima progress\u00e3o por capacita\u00e7\u00e3o 660h (seiscentos e sessenta horas).<\/p><p><\/p>\n\n\n<div style=\"height:15px\" aria-hidden=\"true\" class=\"wp-block-spacer\"><\/div>\n\n\n<div class=\"wp-block-buttons is-content-justification-right is-layout-flex wp-container-core-buttons-is-layout-1 wp-block-buttons-is-layout-flex\">\n<div class=\"wp-block-button has-custom-font-size is-style-outline has-small-font-size is-style-outline--1\"><a class=\"wp-block-button__link\" href=\"https:\/\/progepe.ufpr.br\/portarias\/wp-content\/uploads\/pcp\/PROGEPE\/2014\/8349PR.pdf\" style=\"border-radius:0px\" target=\"_blank\" rel=\"noreferrer noopener\">Acesse o arquivo da portaria<\/a><\/div><\/div>\n","protected":false},"excerpt":{"rendered":"<p>I. Conceder progress\u00e3o por capacita\u00e7\u00e3o profissional \u00e0 servidora KARINA FERREIRA DE LIMA \u2013 179868, ocupante do cargo de Assistente em Administra\u00e7\u00e3o, lotado no N\u00facleo de Pr\u00e1ticas Jur\u00eddicas do Setor de Ci\u00eancias Jur\u00eddicas, do n\u00edvel D-02 para o D-03, padr\u00e3o de Vencimento 06, a partir de 15 de agosto de 2014, tendo em vista os certificados apresentados \u00e0s folhas 02 a 04 do citado processo. II. O citado servidor acumula para a pr\u00f3xima progress\u00e3o por capacita\u00e7\u00e3o 660h (seiscentos e sessenta horas).  {&#8220;height&#8221;:&#8221;15px&#8221;} <\/p>\n<div style=\"height:15px\" aria-hidden=\"true\" class=\"wp-block-spacer\"> <!-- \/wp:spacer  {\"layout\":{\"type\":\"flex\",\"justifyContent\":\"right\"}} \n\n<div class=\"wp-block-buttons\"><!-- wp:button {\"style\":{\"border\":{\"radius\":\"0px\"}},\"className\":\"is-style-outline\",\"fontSize\":\"small\"} \n\n<div class=\"wp-block-button has-custom-font-size is-style-outline \n\n","protected":false},"author":41,"featured_media":0,"comment_status":"closed","ping_status":"open","sticky":false,"template":"wp-custom-template-emissao-entre-01-05-2004-ate-30-06-2017","format":"standard","meta":{"_acf_changed":false,"iawp_total_views":0,"footnotes":""},"categories":[116],"tags":[143],"class_list":["post-107760","post","type-post","status-publish","format-standard","hentry","category-progepe","tag-progressao-promocao"],"acf":[],"_links":{"self":[{"href":"https:\/\/progepe.ufpr.br\/portarias\/wp-json\/wp\/v2\/posts\/107760","targetHints":{"allow":["GET"]}}],"collection":[{"href":"https:\/\/progepe.ufpr.br\/portarias\/wp-json\/wp\/v2\/posts"}],"about":[{"href":"https:\/\/progepe.ufpr.br\/portarias\/wp-json\/wp\/v2\/types\/post"}],"author":[{"embeddable":true,"href":"https:\/\/progepe.ufpr.br\/portarias\/wp-json\/wp\/v2\/users\/41"}],"replies":[{"embeddable":true,"href":"https:\/\/progepe.ufpr.br\/portarias\/wp-json\/wp\/v2\/comments?post=107760"}],"version-history":[{"count":1,"href":"https:\/\/progepe.ufpr.br\/portarias\/wp-json\/wp\/v2\/posts\/107760\/revisions"}],"predecessor-version":[{"id":151712,"href":"https:\/\/progepe.ufpr.br\/portarias\/wp-json\/wp\/v2\/posts\/107760\/revisions\/151712"}],"wp:attachment":[{"href":"https:\/\/progepe.ufpr.br\/portarias\/wp-json\/wp\/v2\/media?parent=107760"}],"wp:term":[{"taxonomy":"category","embeddable":true,"href":"https:\/\/progepe.ufpr.br\/portarias\/wp-json\/wp\/v2\/categories?post=107760"},{"taxonomy":"post_tag","embeddable":true,"href":"https:\/\/progepe.ufpr.br\/portarias\/wp-json\/wp\/v2\/tags?post=107760"}],"curies":[{"name":"wp","href":"https:\/\/api.w.org\/{rel}","templated":true}]}}