{"id":107762,"date":"2014-08-29T10:07:00","date_gmt":"2014-08-29T13:07:00","guid":{"rendered":"http:\/\/progepe.ufpr.br\/portarias\/progepe-2014-08351\/"},"modified":"2023-08-03T11:56:45","modified_gmt":"2023-08-03T14:56:45","slug":"progepe-2014-08351","status":"publish","type":"post","link":"https:\/\/progepe.ufpr.br\/portarias\/progepe-2014-08351\/","title":{"rendered":"PORTARIA N\u00ba 08351\/PROGEPE, DE 29 DE AGOSTO DE 2014"},"content":{"rendered":"\n<p>O Pr\u00f3-Reitor de Gest\u00e3o de Pessoas da Universidade Federal do Paran\u00e1, no uso de suas atribui\u00e7\u00f5es, tendo em vista a compet\u00eancia que lhe \u00e9 conferida pela Portaria n\u00ba 2.590, de 26 de setembro de 1997, de acordo com o Art. 10 da Lei n\u00ba 11.091\/05; a Resolu\u00e7\u00e3o CNS n\u00ba 04\/06; a Lei n\u00ba 12.772\/12; e, ainda o contido no processo n\u00ba 032499\/2014-50,<\/p>\n\n\n<p><strong>RESOLVE:<\/strong><\/p>\n\n\n<p>I. Conceder progress\u00e3o por capacita\u00e7\u00e3o profissional \u00e0 servidora MARTHA SUELI TEODORO SILVA \u2013 157465, ocupante do cargo de Auxiliar de Enfermagem, lotada no Departamento de Odontologia Restauradora do Setor de Ci\u00eancias da Sa\u00fade, do n\u00edvel C-01 para o C-02, padr\u00e3o de Vencimento 09, a partir de 07 de agosto de 2014, tendo em vista ter apresentado certificado de conclus\u00e3o do Curso de Sa\u00fade Emocional do Educador, Enfermagem do Trabalho e Cuidador de Idosos, emitido pela Cursos 24 Horas.<\/p><p> II. A citada servidora acumula para a pr\u00f3xima progress\u00e3o por capacita\u00e7\u00e3o 120h (cento e vinte hora).<\/p><p><\/p>\n\n\n<div style=\"height:15px\" aria-hidden=\"true\" class=\"wp-block-spacer\"><\/div>\n\n\n<div class=\"wp-block-buttons is-content-justification-right is-layout-flex wp-container-core-buttons-is-layout-1 wp-block-buttons-is-layout-flex\">\n<div class=\"wp-block-button has-custom-font-size is-style-outline has-small-font-size is-style-outline--1\"><a class=\"wp-block-button__link\" href=\"https:\/\/progepe.ufpr.br\/portarias\/wp-content\/uploads\/pcp\/PROGEPE\/2014\/8351PR.pdf\" style=\"border-radius:0px\" target=\"_blank\" rel=\"noreferrer noopener\">Acesse o arquivo da portaria<\/a><\/div><\/div>\n","protected":false},"excerpt":{"rendered":"<p>I. Conceder progress\u00e3o por capacita\u00e7\u00e3o profissional \u00e0 servidora MARTHA SUELI TEODORO SILVA \u2013 157465, ocupante do cargo de Auxiliar de Enfermagem, lotada no Departamento de Odontologia Restauradora do Setor de Ci\u00eancias da Sa\u00fade, do n\u00edvel C-01 para o C-02, padr\u00e3o de Vencimento 09, a partir de 07 de agosto de 2014, tendo em vista ter apresentado certificado de conclus\u00e3o do Curso de Sa\u00fade Emocional do Educador, Enfermagem do Trabalho e Cuidador de Idosos, emitido pela Cursos 24 Horas. II. A citada servidora acumula para a pr\u00f3xima progress\u00e3o por capacita\u00e7\u00e3o 120h (cento e vinte hora).  {&#8220;height&#8221;:&#8221;15px&#8221;} <\/p>\n<div style=\"height:15px\" \n\n","protected":false},"author":41,"featured_media":0,"comment_status":"closed","ping_status":"open","sticky":false,"template":"wp-custom-template-emissao-entre-01-05-2004-ate-30-06-2017","format":"standard","meta":{"_acf_changed":false,"iawp_total_views":0,"footnotes":""},"categories":[116],"tags":[143],"class_list":["post-107762","post","type-post","status-publish","format-standard","hentry","category-progepe","tag-progressao-promocao"],"acf":[],"_links":{"self":[{"href":"https:\/\/progepe.ufpr.br\/portarias\/wp-json\/wp\/v2\/posts\/107762","targetHints":{"allow":["GET"]}}],"collection":[{"href":"https:\/\/progepe.ufpr.br\/portarias\/wp-json\/wp\/v2\/posts"}],"about":[{"href":"https:\/\/progepe.ufpr.br\/portarias\/wp-json\/wp\/v2\/types\/post"}],"author":[{"embeddable":true,"href":"https:\/\/progepe.ufpr.br\/portarias\/wp-json\/wp\/v2\/users\/41"}],"replies":[{"embeddable":true,"href":"https:\/\/progepe.ufpr.br\/portarias\/wp-json\/wp\/v2\/comments?post=107762"}],"version-history":[{"count":1,"href":"https:\/\/progepe.ufpr.br\/portarias\/wp-json\/wp\/v2\/posts\/107762\/revisions"}],"predecessor-version":[{"id":151714,"href":"https:\/\/progepe.ufpr.br\/portarias\/wp-json\/wp\/v2\/posts\/107762\/revisions\/151714"}],"wp:attachment":[{"href":"https:\/\/progepe.ufpr.br\/portarias\/wp-json\/wp\/v2\/media?parent=107762"}],"wp:term":[{"taxonomy":"category","embeddable":true,"href":"https:\/\/progepe.ufpr.br\/portarias\/wp-json\/wp\/v2\/categories?post=107762"},{"taxonomy":"post_tag","embeddable":true,"href":"https:\/\/progepe.ufpr.br\/portarias\/wp-json\/wp\/v2\/tags?post=107762"}],"curies":[{"name":"wp","href":"https:\/\/api.w.org\/{rel}","templated":true}]}}