{"id":108230,"date":"2014-04-30T10:03:00","date_gmt":"2014-04-30T13:03:00","guid":{"rendered":"http:\/\/progepe.ufpr.br\/portarias\/progepe-2014-06523\/"},"modified":"2024-06-20T13:49:23","modified_gmt":"2024-06-20T16:49:23","slug":"progepe-2014-06523","status":"publish","type":"post","link":"https:\/\/progepe.ufpr.br\/portarias\/progepe-2014-06523\/","title":{"rendered":"PORTARIA N\u00ba 06523\/PROGEPE, DE 30 DE ABRIL DE 2014"},"content":{"rendered":"\n<p style=\"padding-left:43%\">O Pr\u00f3-Reitor de Gest\u00e3o de Pessoas da Universidade Federal do Paran\u00e1, no uso de suas atribui\u00e7\u00f5es, tendo em vista a compet\u00eancia que lhe \u00e9 conferida pela Portaria n\u00ba 2.590, de 26 de setembro de 1997 e considerando o que consta no processo n\u00ba 014945\/2014-44,<\/p>\n\n\n\n<p style=\"padding-left:43%\"><strong>RESOLVE:<\/strong><\/p>\n\n\n\n<p>Autorizar, a partir de 07 de outubro de 2013, a movimenta\u00e7\u00e3o do servidor GIANCARLO MENDES &#8211; 203819, ocupante do cargo de T\u00e9cnico de Tecnologia da Informa\u00e7\u00e3o, para o N\u00facleo de Automa\u00e7\u00e3o Document\u00e1ria do Sistema de Bibliotecas.<\/p>\n","protected":false},"excerpt":{"rendered":"<p>Autorizar, a partir de 07 de outubro de 2013, a movimenta\u00e7\u00e3o do servidor GIANCARLO MENDES &#8211; 203819, ocupante do cargo de T\u00e9cnico de Tecnologia da Informa\u00e7\u00e3o, para o N\u00facleo de Automa\u00e7\u00e3o Document\u00e1ria do Sistema de Bibliotecas.<\/p>\n","protected":false},"author":41,"featured_media":0,"comment_status":"closed","ping_status":"open","sticky":false,"template":"","format":"standard","meta":{"_acf_changed":false,"iawp_total_views":0,"footnotes":""},"categories":[116],"tags":[135],"class_list":["post-108230","post","type-post","status-publish","format-standard","hentry","category-progepe","tag-remocao"],"acf":[],"_links":{"self":[{"href":"https:\/\/progepe.ufpr.br\/portarias\/wp-json\/wp\/v2\/posts\/108230","targetHints":{"allow":["GET"]}}],"collection":[{"href":"https:\/\/progepe.ufpr.br\/portarias\/wp-json\/wp\/v2\/posts"}],"about":[{"href":"https:\/\/progepe.ufpr.br\/portarias\/wp-json\/wp\/v2\/types\/post"}],"author":[{"embeddable":true,"href":"https:\/\/progepe.ufpr.br\/portarias\/wp-json\/wp\/v2\/users\/41"}],"replies":[{"embeddable":true,"href":"https:\/\/progepe.ufpr.br\/portarias\/wp-json\/wp\/v2\/comments?post=108230"}],"version-history":[{"count":3,"href":"https:\/\/progepe.ufpr.br\/portarias\/wp-json\/wp\/v2\/posts\/108230\/revisions"}],"predecessor-version":[{"id":256351,"href":"https:\/\/progepe.ufpr.br\/portarias\/wp-json\/wp\/v2\/posts\/108230\/revisions\/256351"}],"wp:attachment":[{"href":"https:\/\/progepe.ufpr.br\/portarias\/wp-json\/wp\/v2\/media?parent=108230"}],"wp:term":[{"taxonomy":"category","embeddable":true,"href":"https:\/\/progepe.ufpr.br\/portarias\/wp-json\/wp\/v2\/categories?post=108230"},{"taxonomy":"post_tag","embeddable":true,"href":"https:\/\/progepe.ufpr.br\/portarias\/wp-json\/wp\/v2\/tags?post=108230"}],"curies":[{"name":"wp","href":"https:\/\/api.w.org\/{rel}","templated":true}]}}