{"id":108257,"date":"2014-05-20T10:04:00","date_gmt":"2014-05-20T13:04:00","guid":{"rendered":"http:\/\/progepe.ufpr.br\/portarias\/progepe-2014-06728\/"},"modified":"2024-06-20T13:46:19","modified_gmt":"2024-06-20T16:46:19","slug":"progepe-2014-06728","status":"publish","type":"post","link":"https:\/\/progepe.ufpr.br\/portarias\/progepe-2014-06728\/","title":{"rendered":"PORTARIA N\u00ba 06728\/PROGEPE, DE 20 DE MAIO DE 2014"},"content":{"rendered":"\n<p style=\"padding-left:43%\">O Pr\u00f3-Reitor de Gest\u00e3o de Pessoas da Universidade Federal do Paran\u00e1, no uso de suas atribui\u00e7\u00f5es, tendo em vista a compet\u00eancia que lhe \u00e9 conferida pela Portaria n\u00ba 2.590, de 26 de setembro de 1997 e considerando o que consta no processo n\u00ba 014945\/2014-44,<\/p>\n\n\n\n<p style=\"padding-left:43%\"><strong>RESOLVE:<\/strong><\/p>\n\n\n\n<p>Retificar a <a href=\"https:\/\/progepe.ufpr.br\/portarias\/progepe-2014-06523\/\" data-type=\"post\" data-id=\"108230\">Portaria n\u00ba 6.523\/PROGEPE, de 30 de abril de 2014<\/a>, que autorizou a movimenta\u00e7\u00e3o do servidor GIANCARLO MENDES &#8211; 203819, para o N\u00facleo de Automa\u00e7\u00e3o Document\u00e1ria do Sistema de Biblioteca:<\/p>\n\n\n\n<p style=\"padding-left:var(--wp--preset--spacing--30)\">Onde se l\u00ea: &#8230; a partir de 07 de outubro de 2013 &#8230; .<br>Leia-se: &#8230; a partir de 08 de outubro de 2013 &#8230; .<\/p>\n","protected":false},"excerpt":{"rendered":"<p>Retificar a <a href=\"https:\/\/progepe.ufpr.br\/portarias\/progepe-2014-06523\/\" data-type=\"post\" data-id=\"108230\">Portaria n\u00ba 6.523\/PROGEPE, de 30 de abril de 2014<\/a>, que autorizou a movimenta\u00e7\u00e3o do servidor GIANCARLO MENDES &#8211; 203819, para o N\u00facleo de Automa\u00e7\u00e3o Document\u00e1ria do Sistema de Biblioteca:  <!-- wp:paragraph {\"style\":{\"spacing\":{\"padding\":{\"left\":\"var:preset|spacing|30\"}}}} \n\n<p style=\"padding-left:var(--wp--preset--spacing--30)\">Onde se l\u00ea: ... a partir de 07 de outubro de 2013 ... .<br \/>Leia-se: ... a partir de 08 de outubro de 2013 ... .\n<\/p>\n","protected":false},"author":41,"featured_media":0,"comment_status":"closed","ping_status":"open","sticky":false,"template":"","format":"standard","meta":{"_acf_changed":false,"iawp_total_views":0,"footnotes":""},"categories":[116],"tags":[135],"class_list":["post-108257","post","type-post","status-publish","format-standard","hentry","category-progepe","tag-remocao"],"acf":[],"_links":{"self":[{"href":"https:\/\/progepe.ufpr.br\/portarias\/wp-json\/wp\/v2\/posts\/108257","targetHints":{"allow":["GET"]}}],"collection":[{"href":"https:\/\/progepe.ufpr.br\/portarias\/wp-json\/wp\/v2\/posts"}],"about":[{"href":"https:\/\/progepe.ufpr.br\/portarias\/wp-json\/wp\/v2\/types\/post"}],"author":[{"embeddable":true,"href":"https:\/\/progepe.ufpr.br\/portarias\/wp-json\/wp\/v2\/users\/41"}],"replies":[{"embeddable":true,"href":"https:\/\/progepe.ufpr.br\/portarias\/wp-json\/wp\/v2\/comments?post=108257"}],"version-history":[{"count":2,"href":"https:\/\/progepe.ufpr.br\/portarias\/wp-json\/wp\/v2\/posts\/108257\/revisions"}],"predecessor-version":[{"id":256347,"href":"https:\/\/progepe.ufpr.br\/portarias\/wp-json\/wp\/v2\/posts\/108257\/revisions\/256347"}],"wp:attachment":[{"href":"https:\/\/progepe.ufpr.br\/portarias\/wp-json\/wp\/v2\/media?parent=108257"}],"wp:term":[{"taxonomy":"category","embeddable":true,"href":"https:\/\/progepe.ufpr.br\/portarias\/wp-json\/wp\/v2\/categories?post=108257"},{"taxonomy":"post_tag","embeddable":true,"href":"https:\/\/progepe.ufpr.br\/portarias\/wp-json\/wp\/v2\/tags?post=108257"}],"curies":[{"name":"wp","href":"https:\/\/api.w.org\/{rel}","templated":true}]}}