{"id":108587,"date":"2013-05-13T05:00:00","date_gmt":"2013-05-13T08:00:00","guid":{"rendered":"http:\/\/progepe.ufpr.br\/portarias\/rt-2013-00347\/"},"modified":"2023-07-31T16:59:30","modified_gmt":"2023-07-31T19:59:30","slug":"rt-2013-00347","status":"publish","type":"post","link":"https:\/\/progepe.ufpr.br\/portarias\/rt-2013-00347\/","title":{"rendered":"PORTARIA N\u00ba 00347\/REITORIA, DE 13 DE MAIO DE 2013"},"content":{"rendered":"\n<p>O Vice-Reitor da Universidade Federal do Paran\u00e1, no exerc\u00edcio do cargo de Reitor, no uso de suas atribui\u00e7\u00f5es, tendo em vista o que consta no Art. 93 da Lei n\u00ba 8.112\/90; Art. 294 da Lei n\u00ba 11.907\/2009; Portaria n\u00ba 1.468\/REITOR\/UFPR, de 29 de mar\u00e7o de 2011, publicada no DOU de 01.04.2011; e, o contido no processo n\u00ba 002152\/2013-00,<\/p>\n\n\n<p><strong>RESOLVE:<\/strong><\/p>\n\n\n<p>I. Autorizar, a partir de 01 de abril de 2012, a prorroga\u00e7\u00e3o da cess\u00e3o da servidora MARIA RITA TAQUES MICHALSKI &#8211; 109967, ocupante do cargo de Recepcionista, lotada na Coordenadoria de Desenvolvimento Social da Pr\u00f3-Reitoria de Extens\u00e3o e Cultura, para o Centro Regional de Treinamento da Escola de Administra\u00e7\u00e3o Fazend\u00e1ria em Curitiba &#8211; PR, com \u00f4nus para a UFPR.<\/p><p> II. Manter a referida servidora em folha de pagamento da Institui\u00e7\u00e3o, por tratar-se de cess\u00e3o para \u00f3rg\u00e3o dos Poderes da Uni\u00e3o.<\/p><p> III. Fica sob a responsabilidade do Centro Regional de Treinamento da Escola de Administra\u00e7\u00e3o Fazend\u00e1ria em Curitiba &#8211; PR, o encaminhamento da frequ\u00eancia da citada servidora, at\u00e9 o 5\uf0b0 (quinto) dia \u00fatil de cada m\u00eas junto a esta Institui\u00e7\u00e3o.<\/p><p><\/p>\n\n\n<div style=\"height:15px\" aria-hidden=\"true\" class=\"wp-block-spacer\"><\/div>\n\n\n<div class=\"wp-block-buttons is-content-justification-right is-layout-flex wp-container-core-buttons-is-layout-1 wp-block-buttons-is-layout-flex\">\n<div class=\"wp-block-button has-custom-font-size is-style-outline has-small-font-size is-style-outline--1\"><a class=\"wp-block-button__link\" href=\"https:\/\/progepe.ufpr.br\/portarias\/wp-content\/uploads\/pcp\/RT\/2013\/347R.pdf\" style=\"border-radius:0px\" target=\"_blank\" rel=\"noreferrer noopener\">Acesse o arquivo da portaria<\/a><\/div><\/div>\n","protected":false},"excerpt":{"rendered":"<p>I. Autorizar, a partir de 01 de abril de 2012, a prorroga\u00e7\u00e3o da cess\u00e3o da servidora MARIA RITA TAQUES MICHALSKI &#8211; 109967, ocupante do cargo de Recepcionista, lotada na Coordenadoria de Desenvolvimento Social da Pr\u00f3-Reitoria de Extens\u00e3o e Cultura, para o Centro Regional de Treinamento da Escola de Administra\u00e7\u00e3o Fazend\u00e1ria em Curitiba &#8211; PR, com \u00f4nus para a UFPR. II. Manter a referida servidora em folha de pagamento da Institui\u00e7\u00e3o, por tratar-se de cess\u00e3o para \u00f3rg\u00e3o dos Poderes da Uni\u00e3o. III. Fica sob a responsabilidade do Centro Regional de Treinamento da Escola de Administra\u00e7\u00e3o Fazend\u00e1ria em Curitiba &#8211;<\/p>\n","protected":false},"author":41,"featured_media":0,"comment_status":"closed","ping_status":"open","sticky":false,"template":"wp-custom-template-emissao-entre-01-05-2004-ate-30-06-2017","format":"standard","meta":{"_acf_changed":false,"iawp_total_views":0,"footnotes":""},"categories":[117],"tags":[127],"class_list":["post-108587","post","type-post","status-publish","format-standard","hentry","category-rt","tag-cessao"],"acf":[],"_links":{"self":[{"href":"https:\/\/progepe.ufpr.br\/portarias\/wp-json\/wp\/v2\/posts\/108587","targetHints":{"allow":["GET"]}}],"collection":[{"href":"https:\/\/progepe.ufpr.br\/portarias\/wp-json\/wp\/v2\/posts"}],"about":[{"href":"https:\/\/progepe.ufpr.br\/portarias\/wp-json\/wp\/v2\/types\/post"}],"author":[{"embeddable":true,"href":"https:\/\/progepe.ufpr.br\/portarias\/wp-json\/wp\/v2\/users\/41"}],"replies":[{"embeddable":true,"href":"https:\/\/progepe.ufpr.br\/portarias\/wp-json\/wp\/v2\/comments?post=108587"}],"version-history":[{"count":1,"href":"https:\/\/progepe.ufpr.br\/portarias\/wp-json\/wp\/v2\/posts\/108587\/revisions"}],"predecessor-version":[{"id":152499,"href":"https:\/\/progepe.ufpr.br\/portarias\/wp-json\/wp\/v2\/posts\/108587\/revisions\/152499"}],"wp:attachment":[{"href":"https:\/\/progepe.ufpr.br\/portarias\/wp-json\/wp\/v2\/media?parent=108587"}],"wp:term":[{"taxonomy":"category","embeddable":true,"href":"https:\/\/progepe.ufpr.br\/portarias\/wp-json\/wp\/v2\/categories?post=108587"},{"taxonomy":"post_tag","embeddable":true,"href":"https:\/\/progepe.ufpr.br\/portarias\/wp-json\/wp\/v2\/tags?post=108587"}],"curies":[{"name":"wp","href":"https:\/\/api.w.org\/{rel}","templated":true}]}}