{"id":108588,"date":"2013-07-09T05:00:00","date_gmt":"2013-07-09T08:00:00","guid":{"rendered":"http:\/\/progepe.ufpr.br\/portarias\/rt-2013-00472\/"},"modified":"2023-07-31T16:59:30","modified_gmt":"2023-07-31T19:59:30","slug":"rt-2013-00472","status":"publish","type":"post","link":"https:\/\/progepe.ufpr.br\/portarias\/rt-2013-00472\/","title":{"rendered":"PORTARIA N\u00ba 00472\/REITORIA, DE 09 DE JULHO DE 2013"},"content":{"rendered":"\n<p>O Reitor da Universidade Federal do Paran\u00e1, no uso de suas atribui\u00e7\u00f5es, tendo em vista o que consta no Art. 93 da Lei n\u00ba 8.112\/90; Decreto n\u00ba 4.050, de 12 de dezembro de 2001; e, o contido no processo n\u00ba 026054\/2013-50,<\/p>\n\n\n<p><strong>RESOLVE:<\/strong><\/p>\n\n\n<p>I. Autorizar, a partir da data de publica\u00e7\u00e3o em DOU, a cess\u00e3o da servidora VANIA GIORGETTO &#8211; 106526, ocupante do cargo de Recepcionista, lotada na Coordena\u00e7\u00e3o do Curso de Engenharia Florestal do Setor de Ci\u00eancias Agr\u00e1rias, para Procuradoria Seccional da Fazenda Nacional em Resende &#8211; RJ, a fim de exercer a Gratifica\u00e7\u00e3o Tempor\u00e1ria (GT) n\u00edvel I, com \u00f4nus para a Universidade Federal do Paran\u00e1.<\/p><p> II. Manter a referida servidora em folha de pagamento da Institui\u00e7\u00e3o, por tratar-se de cess\u00e3o para \u00f3rg\u00e3o dos Poderes da Uni\u00e3o.<\/p><p> III. Fica sob a responsabilidade da Procuradoria Seccional da Fazenda Nacional em Resende &#8211; RJ, o encaminhamento da frequ\u00eancia da citada servidora, at\u00e9 o 5\uf0b0 (quinto) dia \u00fatil de cada m\u00eas junto a esta Institui\u00e7\u00e3o.<\/p><p><\/p>\n\n\n<div style=\"height:15px\" aria-hidden=\"true\" class=\"wp-block-spacer\"><\/div>\n\n\n<div class=\"wp-block-buttons is-content-justification-right is-layout-flex wp-container-core-buttons-is-layout-1 wp-block-buttons-is-layout-flex\">\n<div class=\"wp-block-button has-custom-font-size is-style-outline has-small-font-size is-style-outline--1\"><a class=\"wp-block-button__link\" href=\"https:\/\/progepe.ufpr.br\/portarias\/wp-content\/uploads\/pcp\/RT\/2013\/472R.pdf\" style=\"border-radius:0px\" target=\"_blank\" rel=\"noreferrer noopener\">Acesse o arquivo da portaria<\/a><\/div><\/div>\n","protected":false},"excerpt":{"rendered":"<p>I. Autorizar, a partir da data de publica\u00e7\u00e3o em DOU, a cess\u00e3o da servidora VANIA GIORGETTO &#8211; 106526, ocupante do cargo de Recepcionista, lotada na Coordena\u00e7\u00e3o do Curso de Engenharia Florestal do Setor de Ci\u00eancias Agr\u00e1rias, para Procuradoria Seccional da Fazenda Nacional em Resende &#8211; RJ, a fim de exercer a Gratifica\u00e7\u00e3o Tempor\u00e1ria (GT) n\u00edvel I, com \u00f4nus para a Universidade Federal do Paran\u00e1. II. Manter a referida servidora em folha de pagamento da Institui\u00e7\u00e3o, por tratar-se de cess\u00e3o para \u00f3rg\u00e3o dos Poderes da Uni\u00e3o. III. Fica sob a responsabilidade da Procuradoria Seccional da Fazenda Nacional em Resende<\/p>\n","protected":false},"author":41,"featured_media":0,"comment_status":"closed","ping_status":"open","sticky":false,"template":"wp-custom-template-emissao-entre-01-05-2004-ate-30-06-2017","format":"standard","meta":{"_acf_changed":false,"iawp_total_views":0,"footnotes":""},"categories":[117],"tags":[127],"class_list":["post-108588","post","type-post","status-publish","format-standard","hentry","category-rt","tag-cessao"],"acf":[],"_links":{"self":[{"href":"https:\/\/progepe.ufpr.br\/portarias\/wp-json\/wp\/v2\/posts\/108588","targetHints":{"allow":["GET"]}}],"collection":[{"href":"https:\/\/progepe.ufpr.br\/portarias\/wp-json\/wp\/v2\/posts"}],"about":[{"href":"https:\/\/progepe.ufpr.br\/portarias\/wp-json\/wp\/v2\/types\/post"}],"author":[{"embeddable":true,"href":"https:\/\/progepe.ufpr.br\/portarias\/wp-json\/wp\/v2\/users\/41"}],"replies":[{"embeddable":true,"href":"https:\/\/progepe.ufpr.br\/portarias\/wp-json\/wp\/v2\/comments?post=108588"}],"version-history":[{"count":1,"href":"https:\/\/progepe.ufpr.br\/portarias\/wp-json\/wp\/v2\/posts\/108588\/revisions"}],"predecessor-version":[{"id":152500,"href":"https:\/\/progepe.ufpr.br\/portarias\/wp-json\/wp\/v2\/posts\/108588\/revisions\/152500"}],"wp:attachment":[{"href":"https:\/\/progepe.ufpr.br\/portarias\/wp-json\/wp\/v2\/media?parent=108588"}],"wp:term":[{"taxonomy":"category","embeddable":true,"href":"https:\/\/progepe.ufpr.br\/portarias\/wp-json\/wp\/v2\/categories?post=108588"},{"taxonomy":"post_tag","embeddable":true,"href":"https:\/\/progepe.ufpr.br\/portarias\/wp-json\/wp\/v2\/tags?post=108588"}],"curies":[{"name":"wp","href":"https:\/\/api.w.org\/{rel}","templated":true}]}}