{"id":108674,"date":"2013-09-11T05:07:00","date_gmt":"2013-09-11T08:07:00","guid":{"rendered":"http:\/\/progepe.ufpr.br\/portarias\/rt-2013-00639\/"},"modified":"2024-05-20T15:17:51","modified_gmt":"2024-05-20T18:17:51","slug":"rt-2013-00639","status":"publish","type":"post","link":"https:\/\/progepe.ufpr.br\/portarias\/rt-2013-00639\/","title":{"rendered":"PORTARIA N\u00ba 00639\/REITORIA, DE 11 DE SETEMBRO DE 2013"},"content":{"rendered":"\n<p style=\"padding-left:43%\">O Reitor da Universidade Federal do Paran\u00e1, no uso de suas atribui\u00e7\u00f5es, tendo em vista o que consta no artigo 39 do Estatuto desta Universidade e o contido no processo n\u00ba 019557\/2013-79,<\/p>\n\n\n\n<p style=\"padding-left:43%\"><strong>RESOLVE:<\/strong><\/p>\n\n\n\n<p>I. Nomear a servidora GISLENE DE FATIMA PEREIRA &#8211; 151807, ocupante do cargo de professor, classe Associado, no regime de trabalho de dedica\u00e7\u00e3o exclusiva, para exercer o cargo de Suplente do Chefe do Departamento de Arquitetura e Urbanismo do Setor de Tecnologia.<\/p>\n\n\n\n<p>II. O mandato ser\u00e1 de 02 (dois) anos, a partir da data de publica\u00e7\u00e3o em DOU da <a href=\"https:\/\/progepe.ufpr.br\/portarias\/rt-2013-00638\/\" data-type=\"post\" data-id=\"108673\">portaria de nomea\u00e7\u00e3o do titular<\/a>.<\/p>\n\n\n\n<p>III. Nos impedimentos do Chefe a mencionada docente cumprir\u00e1, obrigatoriamente, o regime de trabalho de tempo integral, de acordo com o disposto no \u00a7 5\u00ba, artigo 1\u00ba da Lei n\u00ba 8.168\/91.<\/p>\n","protected":false},"excerpt":{"rendered":"<p>I. Nomear a servidora GISLENE DE FATIMA PEREIRA &#8211; 151807, ocupante do cargo de professor, classe Associado, no regime de trabalho de dedica\u00e7\u00e3o exclusiva, para exercer o cargo de Suplente do Chefe do Departamento de Arquitetura e Urbanismo do Setor de Tecnologia.  II. O mandato ser\u00e1 de 02 (dois) anos, a partir da data de publica\u00e7\u00e3o em DOU da <a href=\"https:\/\/progepe.ufpr.br\/portarias\/rt-2013-00638\/\" data-type=\"post\" data-id=\"108673\">portaria de nomea\u00e7\u00e3o do titular<\/a>.  III. Nos impedimentos do Chefe a mencionada docente cumprir\u00e1, obrigatoriamente, o regime de trabalho de tempo integral, de acordo com o disposto no \u00a7 5\u00ba, artigo 1\u00ba da Lei<\/p>\n","protected":false},"author":41,"featured_media":0,"comment_status":"closed","ping_status":"open","sticky":false,"template":"","format":"standard","meta":{"_acf_changed":false,"iawp_total_views":0,"footnotes":""},"categories":[117],"tags":[244],"class_list":["post-108674","post","type-post","status-publish","format-standard","hentry","category-rt","tag-chefe-suplente"],"acf":[],"_links":{"self":[{"href":"https:\/\/progepe.ufpr.br\/portarias\/wp-json\/wp\/v2\/posts\/108674","targetHints":{"allow":["GET"]}}],"collection":[{"href":"https:\/\/progepe.ufpr.br\/portarias\/wp-json\/wp\/v2\/posts"}],"about":[{"href":"https:\/\/progepe.ufpr.br\/portarias\/wp-json\/wp\/v2\/types\/post"}],"author":[{"embeddable":true,"href":"https:\/\/progepe.ufpr.br\/portarias\/wp-json\/wp\/v2\/users\/41"}],"replies":[{"embeddable":true,"href":"https:\/\/progepe.ufpr.br\/portarias\/wp-json\/wp\/v2\/comments?post=108674"}],"version-history":[{"count":3,"href":"https:\/\/progepe.ufpr.br\/portarias\/wp-json\/wp\/v2\/posts\/108674\/revisions"}],"predecessor-version":[{"id":255797,"href":"https:\/\/progepe.ufpr.br\/portarias\/wp-json\/wp\/v2\/posts\/108674\/revisions\/255797"}],"wp:attachment":[{"href":"https:\/\/progepe.ufpr.br\/portarias\/wp-json\/wp\/v2\/media?parent=108674"}],"wp:term":[{"taxonomy":"category","embeddable":true,"href":"https:\/\/progepe.ufpr.br\/portarias\/wp-json\/wp\/v2\/categories?post=108674"},{"taxonomy":"post_tag","embeddable":true,"href":"https:\/\/progepe.ufpr.br\/portarias\/wp-json\/wp\/v2\/tags?post=108674"}],"curies":[{"name":"wp","href":"https:\/\/api.w.org\/{rel}","templated":true}]}}