{"id":108887,"date":"2013-05-24T05:01:00","date_gmt":"2013-05-24T08:01:00","guid":{"rendered":"http:\/\/progepe.ufpr.br\/portarias\/rt-2013-00361\/"},"modified":"2024-09-19T13:47:41","modified_gmt":"2024-09-19T16:47:41","slug":"rt-2013-00361","status":"publish","type":"post","link":"https:\/\/progepe.ufpr.br\/portarias\/rt-2013-00361\/","title":{"rendered":"PORTARIA N\u00ba 00361\/REITORIA, DE 24 DE MAIO DE 2013"},"content":{"rendered":"\n<p style=\"padding-left:43%\">O Reitor da Universidade Federal do Paran\u00e1, no uso de suas atribui\u00e7\u00f5es, tendo em vista o que consta no artigo 51, \u00a7 \u00danico do Regimento Geral desta Universidade e o que consta no processo n\u00ba 015898\/2013-75,<\/p>\n\n\n\n<p style=\"padding-left:43%\"><strong>RESOLVE:<\/strong><\/p>\n\n\n\n<p>I. Nomear o servidor JOSE MANOEL GON\u00c7ALVES GANDARA &#8211; 135135, CPF n\u00ba \u275a\u275a\u275a.\u275a\u275a\u275a.\u275a\u275a\u275a-\u275a\u275a, ocupante do cargo de professor, classe Adjunto, no regime de trabalho de dedica\u00e7\u00e3o exclusiva, para exercer o cargo de Coordenador do Programa de P\u00f3s-Gradua\u00e7\u00e3o em Turismo do Setor de Ci\u00eancias Humanas, FCC &#8211; Fun\u00e7\u00e3o Comissionada de Coordena\u00e7\u00e3o de Curso, autorizado pela Lei n\u00ba 12.677, de 25 de junho de 2012, publicado no DOU de 26.06.2012 e Portaria\/MEC n\u00ba 1.172, de 17 de setembro de 2012, pelo per\u00edodo de 02 (dois) anos a partir da data de publica\u00e7\u00e3o em DOU, de acordo com a Lei n\u00ba 9.527\/97.<\/p>\n\n\n\n<p>II. O mencionado docente cumprir\u00e1, obrigatoriamente, o regime de trabalho de tempo integral, de acordo com o disposto no \u00a7 5\u00ba, artigo 1\u00ba da Lei n\u00ba 8.168\/91.<\/p>\n","protected":false},"excerpt":{"rendered":"<p>I. Nomear o servidor JOSE MANOEL GON\u00c7ALVES GANDARA &#8211; 135135, CPF n\u00ba \u275a\u275a\u275a.\u275a\u275a\u275a.\u275a\u275a\u275a-\u275a\u275a, ocupante do cargo de professor, classe Adjunto, no regime de trabalho de dedica\u00e7\u00e3o exclusiva, para exercer o cargo de Coordenador do Programa de P\u00f3s-Gradua\u00e7\u00e3o em Turismo do Setor de Ci\u00eancias Humanas, FCC &#8211; Fun\u00e7\u00e3o Comissionada de Coordena\u00e7\u00e3o de Curso, autorizado pela Lei n\u00ba 12.677, de 25 de junho de 2012, publicado no DOU de 26.06.2012 e Portaria\/MEC n\u00ba 1.172, de 17 de setembro de 2012, pelo per\u00edodo de 02 (dois) anos a partir da data de publica\u00e7\u00e3o em DOU, de acordo com a Lei n\u00ba<\/p>\n","protected":false},"author":41,"featured_media":0,"comment_status":"closed","ping_status":"open","sticky":false,"template":"","format":"standard","meta":{"_acf_changed":false,"iawp_total_views":0,"footnotes":""},"categories":[117],"tags":[243],"class_list":["post-108887","post","type-post","status-publish","format-standard","hentry","category-rt","tag-coordenador-vice"],"acf":[],"_links":{"self":[{"href":"https:\/\/progepe.ufpr.br\/portarias\/wp-json\/wp\/v2\/posts\/108887","targetHints":{"allow":["GET"]}}],"collection":[{"href":"https:\/\/progepe.ufpr.br\/portarias\/wp-json\/wp\/v2\/posts"}],"about":[{"href":"https:\/\/progepe.ufpr.br\/portarias\/wp-json\/wp\/v2\/types\/post"}],"author":[{"embeddable":true,"href":"https:\/\/progepe.ufpr.br\/portarias\/wp-json\/wp\/v2\/users\/41"}],"replies":[{"embeddable":true,"href":"https:\/\/progepe.ufpr.br\/portarias\/wp-json\/wp\/v2\/comments?post=108887"}],"version-history":[{"count":2,"href":"https:\/\/progepe.ufpr.br\/portarias\/wp-json\/wp\/v2\/posts\/108887\/revisions"}],"predecessor-version":[{"id":257495,"href":"https:\/\/progepe.ufpr.br\/portarias\/wp-json\/wp\/v2\/posts\/108887\/revisions\/257495"}],"wp:attachment":[{"href":"https:\/\/progepe.ufpr.br\/portarias\/wp-json\/wp\/v2\/media?parent=108887"}],"wp:term":[{"taxonomy":"category","embeddable":true,"href":"https:\/\/progepe.ufpr.br\/portarias\/wp-json\/wp\/v2\/categories?post=108887"},{"taxonomy":"post_tag","embeddable":true,"href":"https:\/\/progepe.ufpr.br\/portarias\/wp-json\/wp\/v2\/tags?post=108887"}],"curies":[{"name":"wp","href":"https:\/\/api.w.org\/{rel}","templated":true}]}}