{"id":109140,"date":"2013-04-19T05:00:00","date_gmt":"2013-04-19T08:00:00","guid":{"rendered":"http:\/\/progepe.ufpr.br\/portarias\/rt-2013-00263\/"},"modified":"2023-07-31T17:00:18","modified_gmt":"2023-07-31T20:00:18","slug":"rt-2013-00263","status":"publish","type":"post","link":"https:\/\/progepe.ufpr.br\/portarias\/rt-2013-00263\/","title":{"rendered":"PORTARIA N\u00ba 00263\/REITORIA, DE 19 DE ABRIL DE 2013"},"content":{"rendered":"\n<p>O Vice-Reitor da Universidade Federal do Paran\u00e1, no exerc\u00edcio do cargo de Reitor, no uso de suas atribui\u00e7\u00f5es e tendo em vista o que consta no processo n\u00ba 012370\/2013-44,<\/p>\n\n\n<p><strong>RESOLVE:<\/strong><\/p>\n\n\n<p>Designar para compor o Conselho Editorial da Editora da UFPR, os seguintes integrantes: Setor de Ci\u00eancias Agr\u00e1rias Titular: CRISTINA GON\u00c7ALVES DE MENDON\u00c7A &#8211; 200322 Suplente: MARIO NIEWEGLOWSKI FILHO &#8211; 147877 Setor de Ci\u00eancias Biol\u00f3gicas Titular: IDA CHAPAVAL PIMENTEL &#8211; 104353 Suplente: CLAUDIO JOSE BARROS DE CARVALHO &#8211; 087823 Setor de Ci\u00eancias Sociais Aplicadas Titular: LAURO BRITO DE ALMEIDA &#8211; 169307 Suplente: EDMEIRE CRISTINA PEREIRA &#8211; 124575 Setor de Ci\u00eancias Exatas Titular: SERGIO LUIZ MEISTER BERLEZE &#8211; 100463 Suplente: JOSE CARLOS CIFUENTES VASQUEZ &#8211; 127078 Rog\u00e9rio Andrade Mulinari (continua) mrw M I N I S T E R I O  D A  E D U C A \u00c7 \u00c3 O UNIVERSIDADE FEDERAL DO PARAN\u00c1 (continua\u00e7\u00e3o) PORTARIA N\u00ba 263 , DE 19 DE ABRIL DE 2013.<\/p><p> Setor de Educa\u00e7\u00e3o Titular: MARIA AUXILIADORA M. DOS SANTOS SCHMIDT &#8211; 106984 Suplente: PAULO VINICIUS BAPTISTA DA SILVA &#8211; 135429 Setor de Ci\u00eancias Jur\u00eddicas Titular: SERGIO SAID STAUT JUNIOR &#8211; 200118 Suplente: EMERSON GABARDO &#8211; 202044 Setor de Ci\u00eancias da Sa\u00fade Titular: EDISON LUIZ ALMEIDA TIZZOT &#8211; 099244 Suplente: RUBIA CARLA FORMIGHIERI GIORDANI &#8211; 151874 Setor de Ci\u00eancias Humanas Titular: ANDRE DE MACEDO DUARTE &#8211; 156337 Suplente: ADRIANO NERVO CODATO &#8211; 108979 Setor de Artes, Comunica\u00e7\u00e3o e Design Titular: NAOTAKE FUKUSHIMA &#8211; 151610 Suplente: ROSANGELA STRINGARI &#8211; 202349 Setor de Ci\u00eancias da Terra Titular: EVERTON PASSOS &#8211; 077267 Suplente: MARCOS AURELIO TARLOMBANI DA SILVEIRA &#8211; 134902 Rog\u00e9rio Andrade Mulinari (continua) mrw M I N I S T E R I O  D A  E D U C A \u00c7 \u00c3 O UNIVERSIDADE FEDERAL DO PARAN\u00c1 (continua\u00e7\u00e3o) PORTARIA N\u00ba 263 , DE 19 DE ABRIL DE 2013.<\/p><p> Setor de Tecnologia Titular: MARIA CRISTINA BORBA BRAGA &#8211; 109711 Suplente: JULIO CESAR DE CARVALHO &#8211; 168246 Setor de Educa\u00e7\u00e3o Profissional e Tecnol\u00f3gica Titular: ANNA BEATRIZ DA SILVEIRA PAULA &#8211; 201530 Suplente: ALLAN VALENZA DA SILVEIRA &#8211; 201469 Setor Litoral Titular: ELSI DO ROCIO CARDOSO ALANO &#8211; 188816 Suplente: DAVID JOSE DE ANDRADE SILVA &#8211; 201518 Setor Palotina Titular: MARCIA SANTOS DE MENEZES &#8211; 201756 Suplente: ROBSON FERNANDO MISSIO &#8211; 201793 (fim)<\/p><p><\/p>\n\n\n<div style=\"height:15px\" aria-hidden=\"true\" class=\"wp-block-spacer\"><\/div>\n\n\n<div class=\"wp-block-buttons is-content-justification-right is-layout-flex wp-container-core-buttons-is-layout-1 wp-block-buttons-is-layout-flex\">\n<div class=\"wp-block-button has-custom-font-size is-style-outline has-small-font-size is-style-outline--1\"><a class=\"wp-block-button__link\" href=\"https:\/\/progepe.ufpr.br\/portarias\/wp-content\/uploads\/pcp\/RT\/2013\/263R.pdf\" style=\"border-radius:0px\" target=\"_blank\" rel=\"noreferrer noopener\">Acesse o arquivo da portaria<\/a><\/div><\/div>\n","protected":false},"excerpt":{"rendered":"<p>Designar para compor o Conselho Editorial da Editora da UFPR, os seguintes integrantes: Setor de Ci\u00eancias Agr\u00e1rias Titular: CRISTINA GON\u00c7ALVES DE MENDON\u00c7A &#8211; 200322 Suplente: MARIO NIEWEGLOWSKI FILHO &#8211; 147877 Setor de Ci\u00eancias Biol\u00f3gicas Titular: IDA CHAPAVAL PIMENTEL &#8211; 104353 Suplente: CLAUDIO JOSE BARROS DE CARVALHO &#8211; 087823 Setor de Ci\u00eancias Sociais Aplicadas Titular: LAURO BRITO DE ALMEIDA &#8211; 169307 Suplente: EDMEIRE CRISTINA PEREIRA &#8211; 124575 Setor de Ci\u00eancias Exatas Titular: SERGIO LUIZ MEISTER BERLEZE &#8211; 100463 Suplente: JOSE CARLOS CIFUENTES VASQUEZ &#8211; 127078 Rog\u00e9rio Andrade Mulinari (continua) mrw M I N I S T E R I<\/p>\n","protected":false},"author":41,"featured_media":0,"comment_status":"closed","ping_status":"open","sticky":false,"template":"wp-custom-template-emissao-entre-01-05-2004-ate-30-06-2017","format":"standard","meta":{"_acf_changed":false,"iawp_total_views":2,"footnotes":""},"categories":[117],"tags":[119],"class_list":["post-109140","post","type-post","status-publish","format-standard","hentry","category-rt","tag-diversos"],"acf":[],"_links":{"self":[{"href":"https:\/\/progepe.ufpr.br\/portarias\/wp-json\/wp\/v2\/posts\/109140","targetHints":{"allow":["GET"]}}],"collection":[{"href":"https:\/\/progepe.ufpr.br\/portarias\/wp-json\/wp\/v2\/posts"}],"about":[{"href":"https:\/\/progepe.ufpr.br\/portarias\/wp-json\/wp\/v2\/types\/post"}],"author":[{"embeddable":true,"href":"https:\/\/progepe.ufpr.br\/portarias\/wp-json\/wp\/v2\/users\/41"}],"replies":[{"embeddable":true,"href":"https:\/\/progepe.ufpr.br\/portarias\/wp-json\/wp\/v2\/comments?post=109140"}],"version-history":[{"count":1,"href":"https:\/\/progepe.ufpr.br\/portarias\/wp-json\/wp\/v2\/posts\/109140\/revisions"}],"predecessor-version":[{"id":153051,"href":"https:\/\/progepe.ufpr.br\/portarias\/wp-json\/wp\/v2\/posts\/109140\/revisions\/153051"}],"wp:attachment":[{"href":"https:\/\/progepe.ufpr.br\/portarias\/wp-json\/wp\/v2\/media?parent=109140"}],"wp:term":[{"taxonomy":"category","embeddable":true,"href":"https:\/\/progepe.ufpr.br\/portarias\/wp-json\/wp\/v2\/categories?post=109140"},{"taxonomy":"post_tag","embeddable":true,"href":"https:\/\/progepe.ufpr.br\/portarias\/wp-json\/wp\/v2\/tags?post=109140"}],"curies":[{"name":"wp","href":"https:\/\/api.w.org\/{rel}","templated":true}]}}