{"id":109864,"date":"2013-12-09T10:20:00","date_gmt":"2013-12-09T12:20:00","guid":{"rendered":"http:\/\/progepe.ufpr.br\/portarias\/progepe-2013-04892\/"},"modified":"2023-08-03T11:50:54","modified_gmt":"2023-08-03T14:50:54","slug":"progepe-2013-04892","status":"publish","type":"post","link":"https:\/\/progepe.ufpr.br\/portarias\/progepe-2013-04892\/","title":{"rendered":"PORTARIA N\u00ba 04892\/PROGEPE, DE 09 DE DEZEMBRO DE 2013"},"content":{"rendered":"\n<p>O Pr\u00f3-Reitor de Gest\u00e3o de Pessoas da Universidade Federal do Paran\u00e1, no uso de suas atribui\u00e7\u00f5es, tendo em vista a compet\u00eancia que lhe \u00e9 conferida pela Portaria n\u00ba 2.590, de 26 de setembro de 1997 e considerando o que consta no processo n\u00ba 046368\/2013-79,<\/p>\n\n\n<p><strong>RESOLVE:<\/strong><\/p>\n\n\n<p>Conceder, conforme Parecer T\u00e9cnico n\u00ba 0439\/2013, o adicional de insalubridade, correspondente ao grau m\u00e9dio, a partir de 14 de outubro de 2013, \u00e0 servidora ANDREA EMILIA MARQUES STINGHEN &#8211; 200260, ocupante do cargo de Professor, classe Adjunto, lotada no Departamento de Patologia B\u00e1sica do Setor de Ci\u00eancias Biol\u00f3gicas, exercendo Fun\u00e7\u00e3o Comissionada de Coordena\u00e7\u00e3o de Curso na Coordena\u00e7\u00e3o do Programa de P\u00f3s-Gradua\u00e7\u00e3o em Microbiologia, Parasitologia e Patologia do citado Setor, conforme Portaria n\u00ba 697\/REITOR, de 08 de outubro de 2013, publicada no DOU de 14.10.2013, Se\u00e7\u00e3o 2, p\u00e1g. 33.<\/p><p><\/p>\n\n\n<div style=\"height:15px\" aria-hidden=\"true\" class=\"wp-block-spacer\"><\/div>\n\n\n<div class=\"wp-block-buttons is-content-justification-right is-layout-flex wp-container-core-buttons-is-layout-1 wp-block-buttons-is-layout-flex\">\n<div class=\"wp-block-button has-custom-font-size is-style-outline has-small-font-size is-style-outline--1\"><a class=\"wp-block-button__link\" href=\"https:\/\/progepe.ufpr.br\/portarias\/wp-content\/uploads\/pcp\/PROGEPE\/2013\/4892PR.pdf\" style=\"border-radius:0px\" target=\"_blank\" rel=\"noreferrer noopener\">Acesse o arquivo da portaria<\/a><\/div><\/div>\n","protected":false},"excerpt":{"rendered":"<p>Conceder, conforme Parecer T\u00e9cnico n\u00ba 0439\/2013, o adicional de insalubridade, correspondente ao grau m\u00e9dio, a partir de 14 de outubro de 2013, \u00e0 servidora ANDREA EMILIA MARQUES STINGHEN &#8211; 200260, ocupante do cargo de Professor, classe Adjunto, lotada no Departamento de Patologia B\u00e1sica do Setor de Ci\u00eancias Biol\u00f3gicas, exercendo Fun\u00e7\u00e3o Comissionada de Coordena\u00e7\u00e3o de Curso na Coordena\u00e7\u00e3o do Programa de P\u00f3s-Gradua\u00e7\u00e3o em Microbiologia, Parasitologia e Patologia do citado Setor, conforme Portaria n\u00ba 697\/REITOR, de 08 de outubro de 2013, publicada no DOU de 14.10.2013, Se\u00e7\u00e3o 2, p\u00e1g. 33.  {&#8220;height&#8221;:&#8221;15px&#8221;} <\/p>\n<div style=\"height:15px\" aria-hidden=\"true\" class=\"wp-block-spacer\"> <!-- \/wp:spacer  {\"layout\":{\"type\":\"flex\",\"justifyContent\":\"right\"}}\n<\/p>\n","protected":false},"author":41,"featured_media":0,"comment_status":"closed","ping_status":"open","sticky":false,"template":"wp-custom-template-emissao-entre-01-05-2004-ate-30-06-2017","format":"standard","meta":{"_acf_changed":false,"iawp_total_views":0,"footnotes":""},"categories":[116],"tags":[139],"class_list":["post-109864","post","type-post","status-publish","format-standard","hentry","category-progepe","tag-adicional"],"acf":[],"_links":{"self":[{"href":"https:\/\/progepe.ufpr.br\/portarias\/wp-json\/wp\/v2\/posts\/109864","targetHints":{"allow":["GET"]}}],"collection":[{"href":"https:\/\/progepe.ufpr.br\/portarias\/wp-json\/wp\/v2\/posts"}],"about":[{"href":"https:\/\/progepe.ufpr.br\/portarias\/wp-json\/wp\/v2\/types\/post"}],"author":[{"embeddable":true,"href":"https:\/\/progepe.ufpr.br\/portarias\/wp-json\/wp\/v2\/users\/41"}],"replies":[{"embeddable":true,"href":"https:\/\/progepe.ufpr.br\/portarias\/wp-json\/wp\/v2\/comments?post=109864"}],"version-history":[{"count":1,"href":"https:\/\/progepe.ufpr.br\/portarias\/wp-json\/wp\/v2\/posts\/109864\/revisions"}],"predecessor-version":[{"id":153537,"href":"https:\/\/progepe.ufpr.br\/portarias\/wp-json\/wp\/v2\/posts\/109864\/revisions\/153537"}],"wp:attachment":[{"href":"https:\/\/progepe.ufpr.br\/portarias\/wp-json\/wp\/v2\/media?parent=109864"}],"wp:term":[{"taxonomy":"category","embeddable":true,"href":"https:\/\/progepe.ufpr.br\/portarias\/wp-json\/wp\/v2\/categories?post=109864"},{"taxonomy":"post_tag","embeddable":true,"href":"https:\/\/progepe.ufpr.br\/portarias\/wp-json\/wp\/v2\/tags?post=109864"}],"curies":[{"name":"wp","href":"https:\/\/api.w.org\/{rel}","templated":true}]}}