{"id":109957,"date":"2013-05-17T10:06:00","date_gmt":"2013-05-17T13:06:00","guid":{"rendered":"http:\/\/progepe.ufpr.br\/portarias\/progepe-2013-01865\/"},"modified":"2023-08-03T11:45:51","modified_gmt":"2023-08-03T14:45:51","slug":"progepe-2013-01865","status":"publish","type":"post","link":"https:\/\/progepe.ufpr.br\/portarias\/progepe-2013-01865\/","title":{"rendered":"PORTARIA N\u00ba 01865\/PROGEPE, DE 17 DE MAIO DE 2013"},"content":{"rendered":"\n<p>O Pr\u00f3-Reitor de Gest\u00e3o de Pessoas da Universidade Federal do Paran\u00e1, no uso de suas atribui\u00e7\u00f5es, tendo em vista a compet\u00eancia que lhe \u00e9 conferida pela Portaria n\u00ba 2.590, de 26 de setembro de 1997 e o contido no processo n\u00ba 019155\/2013-74,<\/p>\n\n\n<p><strong>RESOLVE:<\/strong><\/p>\n\n\n<p>I. Conceder, conforme o disposto no Art. 210 da Lei n\u00ba 8.112\/90 e Decreto n\u00ba 6.690\/08 a licen\u00e7a adotante para a servidora MARINA REDEKOP CASSAPIAN \u2013 202729, ocupante do cargo de Professor classe Assistente, lotada no Departamento de Terapia Ocupacional do Setor de Ci\u00eancias da Sa\u00fade, no per\u00edodo de 06 de maio de 2013 a 04 de junho de 2013.<\/p><p> II. Prorrogar no per\u00edodo de 05 de junho de 2013 a 19 de junho de 2013 a licen\u00e7a adotante da servidora.<\/p><p><\/p>\n\n\n<div style=\"height:15px\" aria-hidden=\"true\" class=\"wp-block-spacer\"><\/div>\n\n\n<div class=\"wp-block-buttons is-content-justification-right is-layout-flex wp-container-core-buttons-is-layout-1 wp-block-buttons-is-layout-flex\">\n<div class=\"wp-block-button has-custom-font-size is-style-outline has-small-font-size is-style-outline--1\"><a class=\"wp-block-button__link\" href=\"https:\/\/progepe.ufpr.br\/portarias\/wp-content\/uploads\/pcp\/PROGEPE\/2013\/1865PR.pdf\" style=\"border-radius:0px\" target=\"_blank\" rel=\"noreferrer noopener\">Acesse o arquivo da portaria<\/a><\/div><\/div>\n","protected":false},"excerpt":{"rendered":"<p>I. Conceder, conforme o disposto no Art. 210 da Lei n\u00ba 8.112\/90 e Decreto n\u00ba 6.690\/08 a licen\u00e7a adotante para a servidora MARINA REDEKOP CASSAPIAN \u2013 202729, ocupante do cargo de Professor classe Assistente, lotada no Departamento de Terapia Ocupacional do Setor de Ci\u00eancias da Sa\u00fade, no per\u00edodo de 06 de maio de 2013 a 04 de junho de 2013. II. Prorrogar no per\u00edodo de 05 de junho de 2013 a 19 de junho de 2013 a licen\u00e7a adotante da servidora.  {&#8220;height&#8221;:&#8221;15px&#8221;} <\/p>\n<div style=\"height:15px\" aria-hidden=\"true\" class=\"wp-block-spacer\"> <!-- \/wp:spacer  {\"layout\":{\"type\":\"flex\",\"justifyContent\":\"right\"}} \n\n<div class=\"wp-block-buttons\"><!-- wp:button {\"style\":{\"border\":{\"radius\":\"0px\"}},\"className\":\"is-style-outline\",\"fontSize\":\"small\"} \n\n<div class=\"wp-block-button has-custom-font-size \n\n","protected":false},"author":41,"featured_media":0,"comment_status":"closed","ping_status":"open","sticky":false,"template":"wp-custom-template-emissao-entre-01-05-2004-ate-30-06-2017","format":"standard","meta":{"_acf_changed":false,"iawp_total_views":0,"footnotes":""},"categories":[116],"tags":[123],"class_list":["post-109957","post","type-post","status-publish","format-standard","hentry","category-progepe","tag-afastamento-licenca"],"acf":[],"_links":{"self":[{"href":"https:\/\/progepe.ufpr.br\/portarias\/wp-json\/wp\/v2\/posts\/109957","targetHints":{"allow":["GET"]}}],"collection":[{"href":"https:\/\/progepe.ufpr.br\/portarias\/wp-json\/wp\/v2\/posts"}],"about":[{"href":"https:\/\/progepe.ufpr.br\/portarias\/wp-json\/wp\/v2\/types\/post"}],"author":[{"embeddable":true,"href":"https:\/\/progepe.ufpr.br\/portarias\/wp-json\/wp\/v2\/users\/41"}],"replies":[{"embeddable":true,"href":"https:\/\/progepe.ufpr.br\/portarias\/wp-json\/wp\/v2\/comments?post=109957"}],"version-history":[{"count":1,"href":"https:\/\/progepe.ufpr.br\/portarias\/wp-json\/wp\/v2\/posts\/109957\/revisions"}],"predecessor-version":[{"id":153611,"href":"https:\/\/progepe.ufpr.br\/portarias\/wp-json\/wp\/v2\/posts\/109957\/revisions\/153611"}],"wp:attachment":[{"href":"https:\/\/progepe.ufpr.br\/portarias\/wp-json\/wp\/v2\/media?parent=109957"}],"wp:term":[{"taxonomy":"category","embeddable":true,"href":"https:\/\/progepe.ufpr.br\/portarias\/wp-json\/wp\/v2\/categories?post=109957"},{"taxonomy":"post_tag","embeddable":true,"href":"https:\/\/progepe.ufpr.br\/portarias\/wp-json\/wp\/v2\/tags?post=109957"}],"curies":[{"name":"wp","href":"https:\/\/api.w.org\/{rel}","templated":true}]}}