{"id":110091,"date":"2013-10-02T10:27:00","date_gmt":"2013-10-02T13:27:00","guid":{"rendered":"http:\/\/progepe.ufpr.br\/portarias\/progepe-2013-03773\/"},"modified":"2023-08-03T11:49:02","modified_gmt":"2023-08-03T14:49:02","slug":"progepe-2013-03773","status":"publish","type":"post","link":"https:\/\/progepe.ufpr.br\/portarias\/progepe-2013-03773\/","title":{"rendered":"PORTARIA N\u00ba 03773\/PROGEPE, DE 02 DE OUTUBRO DE 2013"},"content":{"rendered":"\n<p>O Pr\u00f3-Reitor de Gest\u00e3o de Pessoas da Universidade Federal do Paran\u00e1, no uso de suas atribui\u00e7\u00f5es, tendo em vista a compet\u00eancia que lhe \u00e9 conferida pela Portaria n\u00ba 2.590, de 26 de setembro de 1997 e considerando o que consta no processo n\u00ba 040570\/2013-97,<\/p>\n\n\n<p><strong>RESOLVE:<\/strong><\/p>\n\n\n<p>Autorizar o afastamento integral da servidora ELSI DO ROCIO CARDOSO ALANO &#8211; 188816, ocupante do cargo de Professor, classe Assistente, lotada no Setor Litoral, com a finalidade participar do Curso de P\u00f3s-Gradua\u00e7\u00e3o em Administra\u00e7\u00e3o; \u00e1rea de concentra\u00e7\u00e3o em Gest\u00e3o da Inova\u00e7\u00e3o, em n\u00edvel de Doutorado, no Centro Universit\u00e1rio da Funda\u00e7\u00e3o Educacional Inaciana Pe. Sab\u00f3ia de Medeiros, em S\u00e3o Paulo, no per\u00edodo de 03 de mar\u00e7o de 2014 a 02 de mar\u00e7o de 2015, com \u00f4nus limitado para a UFPR.<\/p><p><\/p>\n\n\n<div style=\"height:15px\" aria-hidden=\"true\" class=\"wp-block-spacer\"><\/div>\n\n\n<div class=\"wp-block-buttons is-content-justification-right is-layout-flex wp-container-core-buttons-is-layout-1 wp-block-buttons-is-layout-flex\">\n<div class=\"wp-block-button has-custom-font-size is-style-outline has-small-font-size is-style-outline--1\"><a class=\"wp-block-button__link\" href=\"https:\/\/progepe.ufpr.br\/portarias\/wp-content\/uploads\/pcp\/PROGEPE\/2013\/3773PR.pdf\" style=\"border-radius:0px\" target=\"_blank\" rel=\"noreferrer noopener\">Acesse o arquivo da portaria<\/a><\/div><\/div>\n","protected":false},"excerpt":{"rendered":"<p>Autorizar o afastamento integral da servidora ELSI DO ROCIO CARDOSO ALANO &#8211; 188816, ocupante do cargo de Professor, classe Assistente, lotada no Setor Litoral, com a finalidade participar do Curso de P\u00f3s-Gradua\u00e7\u00e3o em Administra\u00e7\u00e3o; \u00e1rea de concentra\u00e7\u00e3o em Gest\u00e3o da Inova\u00e7\u00e3o, em n\u00edvel de Doutorado, no Centro Universit\u00e1rio da Funda\u00e7\u00e3o Educacional Inaciana Pe. Sab\u00f3ia de Medeiros, em S\u00e3o Paulo, no per\u00edodo de 03 de mar\u00e7o de 2014 a 02 de mar\u00e7o de 2015, com \u00f4nus limitado para a UFPR.  {&#8220;height&#8221;:&#8221;15px&#8221;} <\/p>\n<div style=\"height:15px\" aria-hidden=\"true\" class=\"wp-block-spacer\"> <!-- \/wp:spacer  {\"layout\":{\"type\":\"flex\",\"justifyContent\":\"right\"}} \n\n<div class=\"wp-block-buttons\"><!-- wp:button {\"style\":{\"border\":{\"radius\":\"0px\"}},\"className\":\"is-style-outline\",\"fontSize\":\"small\"} \n\n<div class=\"wp-block-button has-custom-font-size is-style-outline has-small-font-size\"><a\n<\/p>\n","protected":false},"author":41,"featured_media":0,"comment_status":"closed","ping_status":"open","sticky":false,"template":"wp-custom-template-emissao-entre-01-05-2004-ate-30-06-2017","format":"standard","meta":{"_acf_changed":false,"iawp_total_views":0,"footnotes":""},"categories":[116],"tags":[123],"class_list":["post-110091","post","type-post","status-publish","format-standard","hentry","category-progepe","tag-afastamento-licenca"],"acf":[],"_links":{"self":[{"href":"https:\/\/progepe.ufpr.br\/portarias\/wp-json\/wp\/v2\/posts\/110091","targetHints":{"allow":["GET"]}}],"collection":[{"href":"https:\/\/progepe.ufpr.br\/portarias\/wp-json\/wp\/v2\/posts"}],"about":[{"href":"https:\/\/progepe.ufpr.br\/portarias\/wp-json\/wp\/v2\/types\/post"}],"author":[{"embeddable":true,"href":"https:\/\/progepe.ufpr.br\/portarias\/wp-json\/wp\/v2\/users\/41"}],"replies":[{"embeddable":true,"href":"https:\/\/progepe.ufpr.br\/portarias\/wp-json\/wp\/v2\/comments?post=110091"}],"version-history":[{"count":1,"href":"https:\/\/progepe.ufpr.br\/portarias\/wp-json\/wp\/v2\/posts\/110091\/revisions"}],"predecessor-version":[{"id":153736,"href":"https:\/\/progepe.ufpr.br\/portarias\/wp-json\/wp\/v2\/posts\/110091\/revisions\/153736"}],"wp:attachment":[{"href":"https:\/\/progepe.ufpr.br\/portarias\/wp-json\/wp\/v2\/media?parent=110091"}],"wp:term":[{"taxonomy":"category","embeddable":true,"href":"https:\/\/progepe.ufpr.br\/portarias\/wp-json\/wp\/v2\/categories?post=110091"},{"taxonomy":"post_tag","embeddable":true,"href":"https:\/\/progepe.ufpr.br\/portarias\/wp-json\/wp\/v2\/tags?post=110091"}],"curies":[{"name":"wp","href":"https:\/\/api.w.org\/{rel}","templated":true}]}}