{"id":110202,"date":"2013-05-02T10:00:00","date_gmt":"2013-05-02T13:00:00","guid":{"rendered":"http:\/\/progepe.ufpr.br\/portarias\/progepe-2013-01609\/"},"modified":"2023-07-31T17:01:30","modified_gmt":"2023-07-31T20:01:30","slug":"progepe-2013-01609","status":"publish","type":"post","link":"https:\/\/progepe.ufpr.br\/portarias\/progepe-2013-01609\/","title":{"rendered":"PORTARIA N\u00ba 01609\/PROGEPE, DE 02 DE MAIO DE 2013"},"content":{"rendered":"\n<p>O Pr\u00f3-Reitor de Gest\u00e3o de Pessoas da Universidade Federal do Paran\u00e1, no uso de suas atribui\u00e7\u00f5es, tendo em vista a compet\u00eancia que lhe \u00e9 conferida pela Portaria n\u00ba 2.590, de 26 de setembro de 1997 e considerando o que consta no processo n\u00ba 007796\/2013-86,<\/p>\n\n\n<p><strong>RESOLVE:<\/strong><\/p>\n\n\n<p>Conceder aposentadoria volunt\u00e1ria por tempo de contribui\u00e7\u00e3o, nos termos do Art. 3\u00ba da Emenda Constitucional n\u00ba 47\/2005, \u00e0 servidora IVANY ZELIS RAMALHO CAMPOLI DA CRUZ &#8211; 096296, lotada no Departamento de Design do Setor de Artes, Comunica\u00e7\u00e3o e Design, ocupante do cargo de Economista, n\u00edvel de Classifica\u00e7\u00e3o E, n\u00edvel de Capacita\u00e7\u00e3o IV, padr\u00e3o de Vencimento 15, no regime de 40 (quarenta) horas semanais, com o vencimento do mencionado cargo, mais a gratifica\u00e7\u00e3o adicional por tempo de servi\u00e7o, prevista no Art. 67 da Lei n\u00ba 8.112\/90, no \u00edndice de 12 (doze por cento), calculada sobre o vencimento b\u00e1sico, mais o vencimento b\u00e1sico complementar, Art. 15 da Lei n\u00ba 11.091\/2005, mais o Incentivo \u00e0 Qualifica\u00e7\u00e3o, Decreto n\u00ba 5.824\/2006 e a vantagem pessoal, Art. 62 da Lei n\u00ba 8.112\/90, origin\u00e1ria da incorpora\u00e7\u00e3o nos termos do Art. 3\u00ba a 11, da Lei n\u00ba 8.911\/94, Lei n\u00ba 9.527\/97 e Lei n\u00ba 9.624\/98, correspondente \u00e0s fra\u00e7\u00f5es de d\u00e9cimos, equivalente a 04\/10 (quatro d\u00e9cimos) da fun\u00e7\u00e3o gratificada, c\u00f3digo FG-07.<\/p><p><\/p>\n\n\n<div style=\"height:15px\" aria-hidden=\"true\" class=\"wp-block-spacer\"><\/div>\n\n\n<div class=\"wp-block-buttons is-content-justification-right is-layout-flex wp-container-core-buttons-is-layout-1 wp-block-buttons-is-layout-flex\">\n<div class=\"wp-block-button has-custom-font-size is-style-outline has-small-font-size is-style-outline--1\"><a class=\"wp-block-button__link\" href=\"https:\/\/progepe.ufpr.br\/portarias\/wp-content\/uploads\/pcp\/PROGEPE\/2013\/1609PR.pdf\" style=\"border-radius:0px\" target=\"_blank\" rel=\"noreferrer noopener\">Acesse o arquivo da portaria<\/a><\/div><\/div>\n","protected":false},"excerpt":{"rendered":"<p>Conceder aposentadoria volunt\u00e1ria por tempo de contribui\u00e7\u00e3o, nos termos do Art. 3\u00ba da Emenda Constitucional n\u00ba 47\/2005, \u00e0 servidora IVANY ZELIS RAMALHO CAMPOLI DA CRUZ &#8211; 096296, lotada no Departamento de Design do Setor de Artes, Comunica\u00e7\u00e3o e Design, ocupante do cargo de Economista, n\u00edvel de Classifica\u00e7\u00e3o E, n\u00edvel de Capacita\u00e7\u00e3o IV, padr\u00e3o de Vencimento 15, no regime de 40 (quarenta) horas semanais, com o vencimento do mencionado cargo, mais a gratifica\u00e7\u00e3o adicional por tempo de servi\u00e7o, prevista no Art. 67 da Lei n\u00ba 8.112\/90, no \u00edndice de 12 (doze por cento), calculada sobre o vencimento b\u00e1sico, mais<\/p>\n","protected":false},"author":41,"featured_media":0,"comment_status":"closed","ping_status":"open","sticky":false,"template":"wp-custom-template-emissao-entre-01-05-2004-ate-30-06-2017","format":"standard","meta":{"_acf_changed":false,"iawp_total_views":0,"footnotes":""},"categories":[116],"tags":[125],"class_list":["post-110202","post","type-post","status-publish","format-standard","hentry","category-progepe","tag-aposentadoria"],"acf":[],"_links":{"self":[{"href":"https:\/\/progepe.ufpr.br\/portarias\/wp-json\/wp\/v2\/posts\/110202","targetHints":{"allow":["GET"]}}],"collection":[{"href":"https:\/\/progepe.ufpr.br\/portarias\/wp-json\/wp\/v2\/posts"}],"about":[{"href":"https:\/\/progepe.ufpr.br\/portarias\/wp-json\/wp\/v2\/types\/post"}],"author":[{"embeddable":true,"href":"https:\/\/progepe.ufpr.br\/portarias\/wp-json\/wp\/v2\/users\/41"}],"replies":[{"embeddable":true,"href":"https:\/\/progepe.ufpr.br\/portarias\/wp-json\/wp\/v2\/comments?post=110202"}],"version-history":[{"count":1,"href":"https:\/\/progepe.ufpr.br\/portarias\/wp-json\/wp\/v2\/posts\/110202\/revisions"}],"predecessor-version":[{"id":153805,"href":"https:\/\/progepe.ufpr.br\/portarias\/wp-json\/wp\/v2\/posts\/110202\/revisions\/153805"}],"wp:attachment":[{"href":"https:\/\/progepe.ufpr.br\/portarias\/wp-json\/wp\/v2\/media?parent=110202"}],"wp:term":[{"taxonomy":"category","embeddable":true,"href":"https:\/\/progepe.ufpr.br\/portarias\/wp-json\/wp\/v2\/categories?post=110202"},{"taxonomy":"post_tag","embeddable":true,"href":"https:\/\/progepe.ufpr.br\/portarias\/wp-json\/wp\/v2\/tags?post=110202"}],"curies":[{"name":"wp","href":"https:\/\/api.w.org\/{rel}","templated":true}]}}