{"id":110212,"date":"2013-05-15T10:07:00","date_gmt":"2013-05-15T13:07:00","guid":{"rendered":"http:\/\/progepe.ufpr.br\/portarias\/progepe-2013-01829\/"},"modified":"2023-10-04T16:48:25","modified_gmt":"2023-10-04T19:48:25","slug":"progepe-2013-01829","status":"publish","type":"post","link":"https:\/\/progepe.ufpr.br\/portarias\/progepe-2013-01829\/","title":{"rendered":"PORTARIA N\u00ba 01829\/PROGEPE, DE 15 DE MAIO DE 2013"},"content":{"rendered":"\n<p>O Pr\u00f3-Reitor de Gest\u00e3o de Pessoas da Universidade Federal do Paran\u00e1, no uso de suas atribui\u00e7\u00f5es, tendo em vista a compet\u00eancia que lhe \u00e9 conferida pela Portaria n\u00ba 2.590, de 26 de setembro de 1997 e considerando o que consta no processo n\u00ba 009944\/2013-05,<\/p>\n\n\n\n<p><strong>RESOLVE:<\/strong><\/p>\n\n\n\n<p>Conceder aposentadoria volunt\u00e1ria por tempo de contribui\u00e7\u00e3o, nos termos do Art. 3\u00ba da Emenda Constitucional n\u00ba 47, de 05 de julho de 2005, ao servidor PERCI HERTEL &#8211; 49484, lotado na Divis\u00e3o Administrativa do Sistema de Bibliotecas, ocupante do cargo de Assistente em Administra\u00e7\u00e3o, n\u00edvel de classifica\u00e7\u00e3o D, n\u00edvel de capacita\u00e7\u00e3o IV, padr\u00e3o de vencimento 16, no regime de 40 (quarenta) horas semanais, com o vencimento do mencionado cargo, mais a gratifica\u00e7\u00e3o adicional por tempo de servi\u00e7o, prevista no Art.67 da Lei n\u00ba 8.112\/90, no \u00edndice de 26 (vinte e seis) por cento, calculada sobre o vencimento b\u00e1sico, mais a vantagem pessoal do Art. 62 da Lei n\u00ba 8.112\/90, origin\u00e1ria da incorpora\u00e7\u00e3o nos termos do Art. 3\u00ba a 11, da Lei n\u00ba 8.911\/94, Lei n\u00ba 9.527\/97 e Lei n\u00ba 9.624\/98, correspondente \u00e0s fra\u00e7\u00f5es de d\u00e9cimos equivalente a 8\/10 (oito d\u00e9cimos) da fun\u00e7\u00e3o gratificada, c\u00f3digo FG-07 e a vantagem pessoal, Art.5\u00ba do Decreto n\u00ba 95.689\/88, mantida conforme Senten\u00e7a Judicial &#8211; A\u00e7\u00e3o Ordin\u00e1ria n\u00ba 2002.70.00.069385-5, da 5\u00aa Vara Federal do Paran\u00e1, mais o percentual de 26,05, da URP-RT n\u00ba 19890000000711-X, da 7\u00aa JCJ, de Curitiba\/PR.<\/p>\n","protected":false},"excerpt":{"rendered":"<p>Conceder aposentadoria volunt\u00e1ria por tempo de contribui\u00e7\u00e3o, nos termos do Art. 3\u00ba da Emenda Constitucional n\u00ba 47, de 05 de julho de 2005, ao servidor PERCI HERTEL &#8211; 49484, lotado na Divis\u00e3o Administrativa do Sistema de Bibliotecas, ocupante do cargo de Assistente em Administra\u00e7\u00e3o, n\u00edvel de classifica\u00e7\u00e3o D, n\u00edvel de capacita\u00e7\u00e3o IV, padr\u00e3o de vencimento 16, no regime de 40 (quarenta) horas semanais, com o vencimento do mencionado cargo, mais a gratifica\u00e7\u00e3o adicional por tempo de servi\u00e7o, prevista no Art.67 da Lei n\u00ba 8.112\/90, no \u00edndice de 26 (vinte e seis) por cento, calculada sobre o vencimento b\u00e1sico,<\/p>\n","protected":false},"author":41,"featured_media":0,"comment_status":"closed","ping_status":"open","sticky":false,"template":"","format":"standard","meta":{"_acf_changed":false,"iawp_total_views":0,"footnotes":""},"categories":[116],"tags":[125],"class_list":["post-110212","post","type-post","status-publish","format-standard","hentry","category-progepe","tag-aposentadoria"],"acf":[],"_links":{"self":[{"href":"https:\/\/progepe.ufpr.br\/portarias\/wp-json\/wp\/v2\/posts\/110212","targetHints":{"allow":["GET"]}}],"collection":[{"href":"https:\/\/progepe.ufpr.br\/portarias\/wp-json\/wp\/v2\/posts"}],"about":[{"href":"https:\/\/progepe.ufpr.br\/portarias\/wp-json\/wp\/v2\/types\/post"}],"author":[{"embeddable":true,"href":"https:\/\/progepe.ufpr.br\/portarias\/wp-json\/wp\/v2\/users\/41"}],"replies":[{"embeddable":true,"href":"https:\/\/progepe.ufpr.br\/portarias\/wp-json\/wp\/v2\/comments?post=110212"}],"version-history":[{"count":4,"href":"https:\/\/progepe.ufpr.br\/portarias\/wp-json\/wp\/v2\/posts\/110212\/revisions"}],"predecessor-version":[{"id":252926,"href":"https:\/\/progepe.ufpr.br\/portarias\/wp-json\/wp\/v2\/posts\/110212\/revisions\/252926"}],"wp:attachment":[{"href":"https:\/\/progepe.ufpr.br\/portarias\/wp-json\/wp\/v2\/media?parent=110212"}],"wp:term":[{"taxonomy":"category","embeddable":true,"href":"https:\/\/progepe.ufpr.br\/portarias\/wp-json\/wp\/v2\/categories?post=110212"},{"taxonomy":"post_tag","embeddable":true,"href":"https:\/\/progepe.ufpr.br\/portarias\/wp-json\/wp\/v2\/tags?post=110212"}],"curies":[{"name":"wp","href":"https:\/\/api.w.org\/{rel}","templated":true}]}}