{"id":110352,"date":"2013-12-06T10:24:00","date_gmt":"2013-12-06T12:24:00","guid":{"rendered":"http:\/\/progepe.ufpr.br\/portarias\/progepe-2013-04862\/"},"modified":"2023-08-03T11:50:51","modified_gmt":"2023-08-03T14:50:51","slug":"progepe-2013-04862","status":"publish","type":"post","link":"https:\/\/progepe.ufpr.br\/portarias\/progepe-2013-04862\/","title":{"rendered":"PORTARIA N\u00ba 04862\/PROGEPE, DE 06 DE DEZEMBRO DE 2013"},"content":{"rendered":"\n<p>O Pr\u00f3-Reitor de Gest\u00e3o de Pessoas da Universidade Federal do Paran\u00e1, no uso de suas atribui\u00e7\u00f5es, tendo em vista a compet\u00eancia que lhe \u00e9 conferida pela Portaria n\u00ba 2.590, de 26 de setembro de 1997 e considerando o que consta no processo n\u00ba 043694\/2013-24,<\/p>\n\n\n<p><strong>RESOLVE:<\/strong><\/p>\n\n\n<p>Alterar a Portaria n\u00ba 4.137\/PRHAE, de 20 de fevereiro de 2008, publicada no DOU de 21.02.2008, Se\u00e7\u00e3o 2, p\u00e1g. 22, que concedeu aposentadoria compuls\u00f3ria a ULF GREGOR BARANOW &#8211; 125520, fundamentada nos termos do Art. 40, Inciso II da Constitui\u00e7\u00e3o Federal de 1988 c\/c Art. 40, \u00a71\u00ba da E. C. n\u00ba 41\/2003, para acrescentar, a partir de 12 de novembro de 2013, a vantagem do Art. 190 da Lei n\u00ba 8.112\/90 com a nova reda\u00e7\u00e3o dada pela Medida Provis\u00f3ria n\u00ba 441\/2008 convertida na Lei n\u00ba 11.097\/2009 com vistas \u00e0 integraliza\u00e7\u00e3o dos proventos correspondentes ao cargo de Professor do Ensino de 3\u00ba Grau, classe Adjunto, n\u00edvel IV, com Doutorado, em regime de trabalho de 40 (quarenta) horas semanais, em virtude do Laudo M\u00e9dico Pericial n\u00ba 0.176.795\/2013, datado de 12 de novembro de 2013.<\/p><p><\/p>\n\n\n<div style=\"height:15px\" aria-hidden=\"true\" class=\"wp-block-spacer\"><\/div>\n\n\n<div class=\"wp-block-buttons is-content-justification-right is-layout-flex wp-container-core-buttons-is-layout-1 wp-block-buttons-is-layout-flex\">\n<div class=\"wp-block-button has-custom-font-size is-style-outline has-small-font-size is-style-outline--1\"><a class=\"wp-block-button__link\" href=\"https:\/\/progepe.ufpr.br\/portarias\/wp-content\/uploads\/pcp\/PROGEPE\/2013\/4862PR.pdf\" style=\"border-radius:0px\" target=\"_blank\" rel=\"noreferrer noopener\">Acesse o arquivo da portaria<\/a><\/div><\/div>\n","protected":false},"excerpt":{"rendered":"<p>Alterar a Portaria n\u00ba 4.137\/PRHAE, de 20 de fevereiro de 2008, publicada no DOU de 21.02.2008, Se\u00e7\u00e3o 2, p\u00e1g. 22, que concedeu aposentadoria compuls\u00f3ria a ULF GREGOR BARANOW &#8211; 125520, fundamentada nos termos do Art. 40, Inciso II da Constitui\u00e7\u00e3o Federal de 1988 c\/c Art. 40, \u00a71\u00ba da E. C. n\u00ba 41\/2003, para acrescentar, a partir de 12 de novembro de 2013, a vantagem do Art. 190 da Lei n\u00ba 8.112\/90 com a nova reda\u00e7\u00e3o dada pela Medida Provis\u00f3ria n\u00ba 441\/2008 convertida na Lei n\u00ba 11.097\/2009 com vistas \u00e0 integraliza\u00e7\u00e3o dos proventos correspondentes ao cargo de Professor do<\/p>\n","protected":false},"author":41,"featured_media":0,"comment_status":"closed","ping_status":"open","sticky":false,"template":"wp-custom-template-emissao-entre-01-05-2004-ate-30-06-2017","format":"standard","meta":{"_acf_changed":false,"iawp_total_views":0,"footnotes":""},"categories":[116],"tags":[125],"class_list":["post-110352","post","type-post","status-publish","format-standard","hentry","category-progepe","tag-aposentadoria"],"acf":[],"_links":{"self":[{"href":"https:\/\/progepe.ufpr.br\/portarias\/wp-json\/wp\/v2\/posts\/110352","targetHints":{"allow":["GET"]}}],"collection":[{"href":"https:\/\/progepe.ufpr.br\/portarias\/wp-json\/wp\/v2\/posts"}],"about":[{"href":"https:\/\/progepe.ufpr.br\/portarias\/wp-json\/wp\/v2\/types\/post"}],"author":[{"embeddable":true,"href":"https:\/\/progepe.ufpr.br\/portarias\/wp-json\/wp\/v2\/users\/41"}],"replies":[{"embeddable":true,"href":"https:\/\/progepe.ufpr.br\/portarias\/wp-json\/wp\/v2\/comments?post=110352"}],"version-history":[{"count":1,"href":"https:\/\/progepe.ufpr.br\/portarias\/wp-json\/wp\/v2\/posts\/110352\/revisions"}],"predecessor-version":[{"id":153940,"href":"https:\/\/progepe.ufpr.br\/portarias\/wp-json\/wp\/v2\/posts\/110352\/revisions\/153940"}],"wp:attachment":[{"href":"https:\/\/progepe.ufpr.br\/portarias\/wp-json\/wp\/v2\/media?parent=110352"}],"wp:term":[{"taxonomy":"category","embeddable":true,"href":"https:\/\/progepe.ufpr.br\/portarias\/wp-json\/wp\/v2\/categories?post=110352"},{"taxonomy":"post_tag","embeddable":true,"href":"https:\/\/progepe.ufpr.br\/portarias\/wp-json\/wp\/v2\/tags?post=110352"}],"curies":[{"name":"wp","href":"https:\/\/api.w.org\/{rel}","templated":true}]}}