{"id":110446,"date":"2013-05-06T10:06:00","date_gmt":"2013-05-06T13:06:00","guid":{"rendered":"http:\/\/progepe.ufpr.br\/portarias\/progepe-2013-01650\/"},"modified":"2023-08-03T11:45:29","modified_gmt":"2023-08-03T14:45:29","slug":"progepe-2013-01650","status":"publish","type":"post","link":"https:\/\/progepe.ufpr.br\/portarias\/progepe-2013-01650\/","title":{"rendered":"PORTARIA N\u00ba 01650\/PROGEPE, DE 06 DE MAIO DE 2013"},"content":{"rendered":"\n<p>O Pr\u00f3-Reitor de Gest\u00e3o de Pessoas da Universidade Federal do Paran\u00e1, no uso de suas atribui\u00e7\u00f5es, tendo em vista a compet\u00eancia que lhe \u00e9 conferida pela Portaria n\u00ba 2.590, de 26 de setembro de 1997 e o que consta no Art. 103 da Lei n\u00ba 8.112\/90 e ainda o contido no processo n\u00ba 015264\/2013-12,<\/p>\n\n\n<p><strong>RESOLVE:<\/strong><\/p>\n\n\n<p>I.  Averbar, a partir de 18 de abril de 2013, para fins de aposentadoria e disponibilidade, o tempo de servi\u00e7o prestado \u00e0 Financiadora do Paran\u00e1, no per\u00edodo de 20.12.1973 a 17.07.1974, no total de 210 (duzentos e dez) dias; Paulina de Camargo Izique, no per\u00edodo de 14.10.1974 a 26.02.1975, no total de 136 (cento e trinta e seis) dias; Instituto de Patologia do Norte do Paran\u00e1, no per\u00edodo de 01.03.1975 a 02.11.1975, no total de 274 (duzentos e setenta e quatro) dias; Funda\u00e7\u00e3o Instituto Agron\u00f4mico do Paran\u00e1 IAPAR, no per\u00edodo de 03.11.1975 a 28.02.1977, no total de 484 (quatrocentos e oitenta e quatro) dias; Chapec\u00f3 Empreendimentos Imobili\u00e1rios, no per\u00edodo de 20.11.1980 a 30.03.1982, no total de 496 (quatrocentos e noventa e seis) dias; F\u00e1brica de M\u00f3veis Cerejeira Ltda., no per\u00edodo de 01.04.1982 a 30.05.1982, no total de 33 (trinta e tr\u00eas) dias; e, Funda\u00e7\u00e3o da Universidade Federal do Paran\u00e1 para o Desen., no per\u00edodo de 12.09.1989 a 24.06.1996, no total de 2478 (dois mil, quatrocentos e setenta e oito) dias, em favor da servidora SANDRA REGINA BAGGIO MUZZOLON \u2013 141151, ocupante do cargo de Psic\u00f3loga, lotada no Hospital de Clinicas.<\/p><p> II. Averbar, a partir da mesma data, para fins de aposentadoria, aposentadoria especial e disponibilidade, o tempo de servi\u00e7o prestado \u00e0 Associa\u00e7\u00e3o Paranaense de Cultura APC, no per\u00edodo de 01.03.1983 a 11.09.1989, no total de 2387 (dois mil, trezentos e oitenta e sete) dias, \u00e0 referida servidora.<\/p><p><\/p>\n\n\n<div style=\"height:15px\" aria-hidden=\"true\" class=\"wp-block-spacer\"><\/div>\n\n\n<div class=\"wp-block-buttons is-content-justification-right is-layout-flex wp-container-core-buttons-is-layout-1 wp-block-buttons-is-layout-flex\">\n<div class=\"wp-block-button has-custom-font-size is-style-outline has-small-font-size is-style-outline--1\"><a class=\"wp-block-button__link\" href=\"https:\/\/progepe.ufpr.br\/portarias\/wp-content\/uploads\/pcp\/PROGEPE\/2013\/1650PR.pdf\" style=\"border-radius:0px\" target=\"_blank\" rel=\"noreferrer noopener\">Acesse o arquivo da portaria<\/a><\/div><\/div>\n","protected":false},"excerpt":{"rendered":"<p>I. Averbar, a partir de 18 de abril de 2013, para fins de aposentadoria e disponibilidade, o tempo de servi\u00e7o prestado \u00e0 Financiadora do Paran\u00e1, no per\u00edodo de 20.12.1973 a 17.07.1974, no total de 210 (duzentos e dez) dias; Paulina de Camargo Izique, no per\u00edodo de 14.10.1974 a 26.02.1975, no total de 136 (cento e trinta e seis) dias; Instituto de Patologia do Norte do Paran\u00e1, no per\u00edodo de 01.03.1975 a 02.11.1975, no total de 274 (duzentos e setenta e quatro) dias; Funda\u00e7\u00e3o Instituto Agron\u00f4mico do Paran\u00e1 IAPAR, no per\u00edodo de 03.11.1975 a 28.02.1977, no total de 484<\/p>\n","protected":false},"author":41,"featured_media":0,"comment_status":"closed","ping_status":"open","sticky":false,"template":"wp-custom-template-emissao-entre-01-05-2004-ate-30-06-2017","format":"standard","meta":{"_acf_changed":false,"iawp_total_views":0,"footnotes":""},"categories":[116],"tags":[140],"class_list":["post-110446","post","type-post","status-publish","format-standard","hentry","category-progepe","tag-averbacao-desaverbacao"],"acf":[],"_links":{"self":[{"href":"https:\/\/progepe.ufpr.br\/portarias\/wp-json\/wp\/v2\/posts\/110446","targetHints":{"allow":["GET"]}}],"collection":[{"href":"https:\/\/progepe.ufpr.br\/portarias\/wp-json\/wp\/v2\/posts"}],"about":[{"href":"https:\/\/progepe.ufpr.br\/portarias\/wp-json\/wp\/v2\/types\/post"}],"author":[{"embeddable":true,"href":"https:\/\/progepe.ufpr.br\/portarias\/wp-json\/wp\/v2\/users\/41"}],"replies":[{"embeddable":true,"href":"https:\/\/progepe.ufpr.br\/portarias\/wp-json\/wp\/v2\/comments?post=110446"}],"version-history":[{"count":1,"href":"https:\/\/progepe.ufpr.br\/portarias\/wp-json\/wp\/v2\/posts\/110446\/revisions"}],"predecessor-version":[{"id":154008,"href":"https:\/\/progepe.ufpr.br\/portarias\/wp-json\/wp\/v2\/posts\/110446\/revisions\/154008"}],"wp:attachment":[{"href":"https:\/\/progepe.ufpr.br\/portarias\/wp-json\/wp\/v2\/media?parent=110446"}],"wp:term":[{"taxonomy":"category","embeddable":true,"href":"https:\/\/progepe.ufpr.br\/portarias\/wp-json\/wp\/v2\/categories?post=110446"},{"taxonomy":"post_tag","embeddable":true,"href":"https:\/\/progepe.ufpr.br\/portarias\/wp-json\/wp\/v2\/tags?post=110446"}],"curies":[{"name":"wp","href":"https:\/\/api.w.org\/{rel}","templated":true}]}}