{"id":110457,"date":"2013-05-14T10:07:00","date_gmt":"2013-05-14T13:07:00","guid":{"rendered":"http:\/\/progepe.ufpr.br\/portarias\/progepe-2013-01796\/"},"modified":"2023-08-03T11:45:44","modified_gmt":"2023-08-03T14:45:44","slug":"progepe-2013-01796","status":"publish","type":"post","link":"https:\/\/progepe.ufpr.br\/portarias\/progepe-2013-01796\/","title":{"rendered":"PORTARIA N\u00ba 01796\/PROGEPE, DE 14 DE MAIO DE 2013"},"content":{"rendered":"\n<p>O Pr\u00f3-Reitor de Gest\u00e3o de Pessoas da Universidade Federal do Paran\u00e1, no uso de suas atribui\u00e7\u00f5es, tendo em vista a compet\u00eancia que lhe \u00e9 conferida pela Portaria n\u00ba 2.590, de 26 de setembro de 1997 e o que consta no Art. 103 da Lei n\u00ba 8.112\/90 e ainda o contido no processo n\u00ba 018353\/2013-11,<\/p>\n\n\n<p><strong>RESOLVE:<\/strong><\/p>\n\n\n<p>Averbar, a partir de 07 de maio de 2013, em favor da servidora LUCI LENI DE OLIVEIRA SANTOS &#8211; 200663, ocupante do cargo de Assistente em Administra\u00e7\u00e3o, lotada na Pr\u00f3-Reitoria de Administra\u00e7\u00e3o, os tempos de servi\u00e7os abaixo listados, para fins de: I \u2013 Aposentadoria e disponibilidade: EMPRESA PER\u00cdODO TOTAL DE DIAS Jos\u00e9 Melquiades da Rocha 01.05.1976 a 31.03.1977 335 Intor Ind. Com. de Artefatos de Madeira Ltda. 06.07.1977 a 22.07.1977 17 Companhia Prov\u00edncia de Cr\u00e9dito Imobili\u00e1rio. 01.08.1977 a 25.02.1980 939 Ressan Com. de Artigos Dom\u00e9sticos Ltda. 14.03.1980 a 03.09.1980 174 APM Assessoria Paranaense Neg\u00f3cios Habit. 04.09.1980 a 10.02.1981 160 Cons\u00f3rcio Nasser SC Ltda. 16.02.1981 a 25.07.1983 890 Ind\u00fastrias Qu\u00edmicas Melyane S\/A 26.07.1983 a 23.10.1984 456 Syntagma Promotora de Vendas SC Ltda. 24.10.1984 a 03.03.1986 496 Reflorestadora Monte Carlo Ltda. 09.06.1986 a 12.08.1986 65 ABM Adm. Servi\u00e7os Ltda. 27.11.1992 a 18.06.1993 204 Mondelez Brasil Ltda. 19.09.2003 a 27.02.2004 162 Mondelez Brasil Ltda. 01.10.2004 a 26.01.2005 118 Unimed Curitiba \u2013 Soc. Coop. de M\u00e9dicos 02.05.2006 a 11.08.2006 102 Inst. de Tecnologia para o Desenvolvimento 23.10.2006 a 11.09.2008 690<\/p><p><\/p>\n\n\n<div style=\"height:15px\" aria-hidden=\"true\" class=\"wp-block-spacer\"><\/div>\n\n\n<div class=\"wp-block-buttons is-content-justification-right is-layout-flex wp-container-core-buttons-is-layout-1 wp-block-buttons-is-layout-flex\">\n<div class=\"wp-block-button has-custom-font-size is-style-outline has-small-font-size is-style-outline--1\"><a class=\"wp-block-button__link\" href=\"https:\/\/progepe.ufpr.br\/portarias\/wp-content\/uploads\/pcp\/PROGEPE\/2013\/1796PR.pdf\" style=\"border-radius:0px\" target=\"_blank\" rel=\"noreferrer noopener\">Acesse o arquivo da portaria<\/a><\/div><\/div>\n","protected":false},"excerpt":{"rendered":"<p>Averbar, a partir de 07 de maio de 2013, em favor da servidora LUCI LENI DE OLIVEIRA SANTOS &#8211; 200663, ocupante do cargo de Assistente em Administra\u00e7\u00e3o, lotada na Pr\u00f3-Reitoria de Administra\u00e7\u00e3o, os tempos de servi\u00e7os abaixo listados, para fins de: I \u2013 Aposentadoria e disponibilidade: EMPRESA PER\u00cdODO TOTAL DE DIAS Jos\u00e9 Melquiades da Rocha 01.05.1976 a 31.03.1977 335 Intor Ind. Com. de Artefatos de Madeira Ltda. 06.07.1977 a 22.07.1977 17 Companhia Prov\u00edncia de Cr\u00e9dito Imobili\u00e1rio. 01.08.1977 a 25.02.1980 939 Ressan Com. de Artigos Dom\u00e9sticos Ltda. 14.03.1980 a 03.09.1980 174 APM Assessoria Paranaense Neg\u00f3cios Habit. 04.09.1980 a 10.02.1981<\/p>\n","protected":false},"author":41,"featured_media":0,"comment_status":"closed","ping_status":"open","sticky":false,"template":"wp-custom-template-emissao-entre-01-05-2004-ate-30-06-2017","format":"standard","meta":{"_acf_changed":false,"iawp_total_views":0,"footnotes":""},"categories":[116],"tags":[140],"class_list":["post-110457","post","type-post","status-publish","format-standard","hentry","category-progepe","tag-averbacao-desaverbacao"],"acf":[],"_links":{"self":[{"href":"https:\/\/progepe.ufpr.br\/portarias\/wp-json\/wp\/v2\/posts\/110457","targetHints":{"allow":["GET"]}}],"collection":[{"href":"https:\/\/progepe.ufpr.br\/portarias\/wp-json\/wp\/v2\/posts"}],"about":[{"href":"https:\/\/progepe.ufpr.br\/portarias\/wp-json\/wp\/v2\/types\/post"}],"author":[{"embeddable":true,"href":"https:\/\/progepe.ufpr.br\/portarias\/wp-json\/wp\/v2\/users\/41"}],"replies":[{"embeddable":true,"href":"https:\/\/progepe.ufpr.br\/portarias\/wp-json\/wp\/v2\/comments?post=110457"}],"version-history":[{"count":1,"href":"https:\/\/progepe.ufpr.br\/portarias\/wp-json\/wp\/v2\/posts\/110457\/revisions"}],"predecessor-version":[{"id":154019,"href":"https:\/\/progepe.ufpr.br\/portarias\/wp-json\/wp\/v2\/posts\/110457\/revisions\/154019"}],"wp:attachment":[{"href":"https:\/\/progepe.ufpr.br\/portarias\/wp-json\/wp\/v2\/media?parent=110457"}],"wp:term":[{"taxonomy":"category","embeddable":true,"href":"https:\/\/progepe.ufpr.br\/portarias\/wp-json\/wp\/v2\/categories?post=110457"},{"taxonomy":"post_tag","embeddable":true,"href":"https:\/\/progepe.ufpr.br\/portarias\/wp-json\/wp\/v2\/tags?post=110457"}],"curies":[{"name":"wp","href":"https:\/\/api.w.org\/{rel}","templated":true}]}}