{"id":110464,"date":"2013-05-17T10:10:00","date_gmt":"2013-05-17T13:10:00","guid":{"rendered":"http:\/\/progepe.ufpr.br\/portarias\/progepe-2013-01869\/"},"modified":"2023-08-03T11:45:51","modified_gmt":"2023-08-03T14:45:51","slug":"progepe-2013-01869","status":"publish","type":"post","link":"https:\/\/progepe.ufpr.br\/portarias\/progepe-2013-01869\/","title":{"rendered":"PORTARIA N\u00ba 01869\/PROGEPE, DE 17 DE MAIO DE 2013"},"content":{"rendered":"\n<p>O Pr\u00f3-Reitor de Gest\u00e3o de Pessoas da Universidade Federal do Paran\u00e1, no uso de suas atribui\u00e7\u00f5es, tendo em vista a compet\u00eancia que lhe \u00e9 conferida pela Portaria n\u00ba 2.590, de 26 de setembro de 1997 e o que consta no Art. 103 da Lei n\u00ba 8.112\/90 e ainda o contido no processo n\u00ba 019073\/2013-20,<\/p>\n\n\n<p><strong>RESOLVE:<\/strong><\/p>\n\n\n<p>Averbar, a partir de 10 de maio de 2013, em favor do servidor WESLEY MAURICIO DE SOUZA \u2013 202960, ocupante do cargo de Professor classe Adjunto, lotado no Departamento de Patologia M\u00e9dica do Setor de Ci\u00eancias da Sa\u00fade, os tempos de servi\u00e7o abaixo listados, para fins de: I &#8211; Aposentadoria e disponibilidade: EMPRESA PER\u00cdODO TOTAL DE DIAS Minist\u00e9rio da Defesa 09.03.1999 a 24.01.2012 4705 II \u2013 Aposentadoria, gratifica\u00e7\u00e3o adicional e disponibilidade: EMPRESA PER\u00cdODO TOTAL DE DIAS Minist\u00e9rio da Defesa 15.10.1996 a 08.03.1999 875 III \u2013 Aposentadoria, licen\u00e7a especial, gratifica\u00e7\u00e3o adicional e disponibilidade: EMPRESA PER\u00cdODO TOTAL DE DIAS Minist\u00e9rio da Defesa 18.07.1988 a 14.10.1996 3011<\/p><p><\/p>\n\n\n<div style=\"height:15px\" aria-hidden=\"true\" class=\"wp-block-spacer\"><\/div>\n\n\n<div class=\"wp-block-buttons is-content-justification-right is-layout-flex wp-container-core-buttons-is-layout-1 wp-block-buttons-is-layout-flex\">\n<div class=\"wp-block-button has-custom-font-size is-style-outline has-small-font-size is-style-outline--1\"><a class=\"wp-block-button__link\" href=\"https:\/\/progepe.ufpr.br\/portarias\/wp-content\/uploads\/pcp\/PROGEPE\/2013\/1869PR.pdf\" style=\"border-radius:0px\" target=\"_blank\" rel=\"noreferrer noopener\">Acesse o arquivo da portaria<\/a><\/div><\/div>\n","protected":false},"excerpt":{"rendered":"<p>Averbar, a partir de 10 de maio de 2013, em favor do servidor WESLEY MAURICIO DE SOUZA \u2013 202960, ocupante do cargo de Professor classe Adjunto, lotado no Departamento de Patologia M\u00e9dica do Setor de Ci\u00eancias da Sa\u00fade, os tempos de servi\u00e7o abaixo listados, para fins de: I &#8211; Aposentadoria e disponibilidade: EMPRESA PER\u00cdODO TOTAL DE DIAS Minist\u00e9rio da Defesa 09.03.1999 a 24.01.2012 4705 II \u2013 Aposentadoria, gratifica\u00e7\u00e3o adicional e disponibilidade: EMPRESA PER\u00cdODO TOTAL DE DIAS Minist\u00e9rio da Defesa 15.10.1996 a 08.03.1999 875 III \u2013 Aposentadoria, licen\u00e7a especial, gratifica\u00e7\u00e3o adicional e disponibilidade: EMPRESA PER\u00cdODO TOTAL DE DIAS Minist\u00e9rio<\/p>\n","protected":false},"author":41,"featured_media":0,"comment_status":"closed","ping_status":"open","sticky":false,"template":"wp-custom-template-emissao-entre-01-05-2004-ate-30-06-2017","format":"standard","meta":{"_acf_changed":false,"iawp_total_views":0,"footnotes":""},"categories":[116],"tags":[140],"class_list":["post-110464","post","type-post","status-publish","format-standard","hentry","category-progepe","tag-averbacao-desaverbacao"],"acf":[],"_links":{"self":[{"href":"https:\/\/progepe.ufpr.br\/portarias\/wp-json\/wp\/v2\/posts\/110464","targetHints":{"allow":["GET"]}}],"collection":[{"href":"https:\/\/progepe.ufpr.br\/portarias\/wp-json\/wp\/v2\/posts"}],"about":[{"href":"https:\/\/progepe.ufpr.br\/portarias\/wp-json\/wp\/v2\/types\/post"}],"author":[{"embeddable":true,"href":"https:\/\/progepe.ufpr.br\/portarias\/wp-json\/wp\/v2\/users\/41"}],"replies":[{"embeddable":true,"href":"https:\/\/progepe.ufpr.br\/portarias\/wp-json\/wp\/v2\/comments?post=110464"}],"version-history":[{"count":1,"href":"https:\/\/progepe.ufpr.br\/portarias\/wp-json\/wp\/v2\/posts\/110464\/revisions"}],"predecessor-version":[{"id":154026,"href":"https:\/\/progepe.ufpr.br\/portarias\/wp-json\/wp\/v2\/posts\/110464\/revisions\/154026"}],"wp:attachment":[{"href":"https:\/\/progepe.ufpr.br\/portarias\/wp-json\/wp\/v2\/media?parent=110464"}],"wp:term":[{"taxonomy":"category","embeddable":true,"href":"https:\/\/progepe.ufpr.br\/portarias\/wp-json\/wp\/v2\/categories?post=110464"},{"taxonomy":"post_tag","embeddable":true,"href":"https:\/\/progepe.ufpr.br\/portarias\/wp-json\/wp\/v2\/tags?post=110464"}],"curies":[{"name":"wp","href":"https:\/\/api.w.org\/{rel}","templated":true}]}}