{"id":110466,"date":"2013-05-24T10:21:00","date_gmt":"2013-05-24T13:21:00","guid":{"rendered":"http:\/\/progepe.ufpr.br\/portarias\/progepe-2013-01923\/"},"modified":"2023-08-03T11:45:56","modified_gmt":"2023-08-03T14:45:56","slug":"progepe-2013-01923","status":"publish","type":"post","link":"https:\/\/progepe.ufpr.br\/portarias\/progepe-2013-01923\/","title":{"rendered":"PORTARIA N\u00ba 01923\/PROGEPE, DE 24 DE MAIO DE 2013"},"content":{"rendered":"\n<p>O Pr\u00f3-Reitor de Gest\u00e3o de Pessoas da Universidade Federal do Paran\u00e1, no uso de suas atribui\u00e7\u00f5es, tendo em vista a compet\u00eancia que lhe \u00e9 conferida pela Portaria n\u00ba 2.590, de 26 de setembro de 1997 e o que consta no Art. 103 da Lei n\u00ba 8.112\/90 e ainda o contido no processo n\u00ba 017977\/2013-11,<\/p>\n\n\n<p><strong>RESOLVE:<\/strong><\/p>\n\n\n<p>Averbar, a partir de 06 de maio de 2013, em favor da servidora JOSELI MARIA NUNES MENDONCA \u2013 200376, ocupante do cargo de Professor classe Adjunto, lotado no Departamento de Hist\u00f3ria do Setor de Ci\u00eancias Humanas, os tempos de servi\u00e7o abaixo listados, para fins de: I &#8211; Aposentadoria e disponibilidade: EMPRESA PER\u00cdODO TOTAL DE DIAS Superintend\u00eancia Nacional do 03.01.1983 a 22.03.1983 79 Abastecimento Banco do Brasil S\/A 23.03.1983 a 04.03.1990 2539 Contribuinte Individual 01.12.2007 a 31.12.2007 31 II \u2013 Aposentadoria, aposentadoria especial e disponibilidade: EMPRESA PER\u00cdODO TOTAL DE DIAS Prefeitura Municipal de Sumar\u00e9 25.03.1991 a 19.08.1991 148 Instituto Educacional Piracicabano da 09.05.1992 a 13.07.1992 66 Igreja Metodista Instituto Educacional Piracicabano da 21.02.1994 a 02.08.2007 4911 Igreja Metodista<\/p><p><\/p>\n\n\n<div style=\"height:15px\" aria-hidden=\"true\" class=\"wp-block-spacer\"><\/div>\n\n\n<div class=\"wp-block-buttons is-content-justification-right is-layout-flex wp-container-core-buttons-is-layout-1 wp-block-buttons-is-layout-flex\">\n<div class=\"wp-block-button has-custom-font-size is-style-outline has-small-font-size is-style-outline--1\"><a class=\"wp-block-button__link\" href=\"https:\/\/progepe.ufpr.br\/portarias\/wp-content\/uploads\/pcp\/PROGEPE\/2013\/1923PR.pdf\" style=\"border-radius:0px\" target=\"_blank\" rel=\"noreferrer noopener\">Acesse o arquivo da portaria<\/a><\/div><\/div>\n","protected":false},"excerpt":{"rendered":"<p>Averbar, a partir de 06 de maio de 2013, em favor da servidora JOSELI MARIA NUNES MENDONCA \u2013 200376, ocupante do cargo de Professor classe Adjunto, lotado no Departamento de Hist\u00f3ria do Setor de Ci\u00eancias Humanas, os tempos de servi\u00e7o abaixo listados, para fins de: I &#8211; Aposentadoria e disponibilidade: EMPRESA PER\u00cdODO TOTAL DE DIAS Superintend\u00eancia Nacional do 03.01.1983 a 22.03.1983 79 Abastecimento Banco do Brasil S\/A 23.03.1983 a 04.03.1990 2539 Contribuinte Individual 01.12.2007 a 31.12.2007 31 II \u2013 Aposentadoria, aposentadoria especial e disponibilidade: EMPRESA PER\u00cdODO TOTAL DE DIAS Prefeitura Municipal de Sumar\u00e9 25.03.1991 a 19.08.1991 148 Instituto<\/p>\n","protected":false},"author":41,"featured_media":0,"comment_status":"closed","ping_status":"open","sticky":false,"template":"wp-custom-template-emissao-entre-01-05-2004-ate-30-06-2017","format":"standard","meta":{"_acf_changed":false,"iawp_total_views":0,"footnotes":""},"categories":[116],"tags":[140],"class_list":["post-110466","post","type-post","status-publish","format-standard","hentry","category-progepe","tag-averbacao-desaverbacao"],"acf":[],"_links":{"self":[{"href":"https:\/\/progepe.ufpr.br\/portarias\/wp-json\/wp\/v2\/posts\/110466","targetHints":{"allow":["GET"]}}],"collection":[{"href":"https:\/\/progepe.ufpr.br\/portarias\/wp-json\/wp\/v2\/posts"}],"about":[{"href":"https:\/\/progepe.ufpr.br\/portarias\/wp-json\/wp\/v2\/types\/post"}],"author":[{"embeddable":true,"href":"https:\/\/progepe.ufpr.br\/portarias\/wp-json\/wp\/v2\/users\/41"}],"replies":[{"embeddable":true,"href":"https:\/\/progepe.ufpr.br\/portarias\/wp-json\/wp\/v2\/comments?post=110466"}],"version-history":[{"count":1,"href":"https:\/\/progepe.ufpr.br\/portarias\/wp-json\/wp\/v2\/posts\/110466\/revisions"}],"predecessor-version":[{"id":154028,"href":"https:\/\/progepe.ufpr.br\/portarias\/wp-json\/wp\/v2\/posts\/110466\/revisions\/154028"}],"wp:attachment":[{"href":"https:\/\/progepe.ufpr.br\/portarias\/wp-json\/wp\/v2\/media?parent=110466"}],"wp:term":[{"taxonomy":"category","embeddable":true,"href":"https:\/\/progepe.ufpr.br\/portarias\/wp-json\/wp\/v2\/categories?post=110466"},{"taxonomy":"post_tag","embeddable":true,"href":"https:\/\/progepe.ufpr.br\/portarias\/wp-json\/wp\/v2\/tags?post=110466"}],"curies":[{"name":"wp","href":"https:\/\/api.w.org\/{rel}","templated":true}]}}