{"id":110667,"date":"2013-05-29T10:52:00","date_gmt":"2013-05-29T13:52:00","guid":{"rendered":"http:\/\/progepe.ufpr.br\/portarias\/progepe-2013-02038\/"},"modified":"2023-08-03T11:46:08","modified_gmt":"2023-08-03T14:46:08","slug":"progepe-2013-02038","status":"publish","type":"post","link":"https:\/\/progepe.ufpr.br\/portarias\/progepe-2013-02038\/","title":{"rendered":"PORTARIA N\u00ba 02038\/PROGEPE, DE 29 DE MAIO DE 2013"},"content":{"rendered":"\n<p>O Pr\u00f3-Reitor de Gest\u00e3o de Pessoas da Universidade Federal do Paran\u00e1, no uso de suas atribui\u00e7\u00f5es, tendo em vista a compet\u00eancia que lhe \u00e9 conferida pela Portaria n\u00ba 2.590, de 26 de setembro de 1997 e o contido no processo n\u00ba 021795\/2013-44,<\/p>\n\n\n<p><strong>RESOLVE:<\/strong><\/p>\n\n\n<p>Designar, para comporem a nova comiss\u00e3o respons\u00e1vel pela an\u00e1lise de t\u00edtulos apresentados pelos servidores t\u00e9cnico-administrativos da UFPR, para fins de concess\u00e3o de progress\u00e3o por capacita\u00e7\u00e3o profissional e do percentual de incentivo \u00e0 qualifica\u00e7\u00e3o, os seguintes membros: \uf0a7 AUREA JUNGLOS &#8211; 125806 \uf0a7 DANIELA BARBOSA PUPPIN &#8211; 200709 \uf0a7 DANIELE GRACIANE DE SOUZA &#8211; 200569 \uf0a7 DENIZE PATRICIA MORAES &#8211; 201246 \uf0a7 FERNANDA MARIA MATOS DA COSTA &#8211; 201713 \uf0a7 JOSEMAR PEREIRA DA SILVA &#8211; 182990 \uf0a7 MARIA CECILIA BARBOSA LOPES &#8211; 163554 \uf0a7 MARINA LUPEPSO &#8211; 200636 \uf0a7 PATRICIA LUCIANE SANTOS DE LIMA &#8211; 139998 \uf0a7 SILVANA CRISTINA HOHMANN PRESTES DA SILVA &#8211; 079871 \uf0a7 SINUE NAICO &#8211; 052132 \uf0a7 SIRLEI TEREZINHA MACHRY &#8211; 157244<\/p><p><\/p>\n\n\n<div style=\"height:15px\" aria-hidden=\"true\" class=\"wp-block-spacer\"><\/div>\n\n\n<div class=\"wp-block-buttons is-content-justification-right is-layout-flex wp-container-core-buttons-is-layout-1 wp-block-buttons-is-layout-flex\">\n<div class=\"wp-block-button has-custom-font-size is-style-outline has-small-font-size is-style-outline--1\"><a class=\"wp-block-button__link\" href=\"https:\/\/progepe.ufpr.br\/portarias\/wp-content\/uploads\/pcp\/PROGEPE\/2013\/2038PR.pdf\" style=\"border-radius:0px\" target=\"_blank\" rel=\"noreferrer noopener\">Acesse o arquivo da portaria<\/a><\/div><\/div>\n","protected":false},"excerpt":{"rendered":"<p>Designar, para comporem a nova comiss\u00e3o respons\u00e1vel pela an\u00e1lise de t\u00edtulos apresentados pelos servidores t\u00e9cnico-administrativos da UFPR, para fins de concess\u00e3o de progress\u00e3o por capacita\u00e7\u00e3o profissional e do percentual de incentivo \u00e0 qualifica\u00e7\u00e3o, os seguintes membros: \uf0a7 AUREA JUNGLOS &#8211; 125806 \uf0a7 DANIELA BARBOSA PUPPIN &#8211; 200709 \uf0a7 DANIELE GRACIANE DE SOUZA &#8211; 200569 \uf0a7 DENIZE PATRICIA MORAES &#8211; 201246 \uf0a7 FERNANDA MARIA MATOS DA COSTA &#8211; 201713 \uf0a7 JOSEMAR PEREIRA DA SILVA &#8211; 182990 \uf0a7 MARIA CECILIA BARBOSA LOPES &#8211; 163554 \uf0a7 MARINA LUPEPSO &#8211; 200636 \uf0a7 PATRICIA LUCIANE SANTOS DE LIMA &#8211; 139998 \uf0a7 SILVANA CRISTINA<\/p>\n","protected":false},"author":41,"featured_media":0,"comment_status":"closed","ping_status":"open","sticky":false,"template":"wp-custom-template-emissao-entre-01-05-2004-ate-30-06-2017","format":"standard","meta":{"_acf_changed":false,"iawp_total_views":2,"footnotes":""},"categories":[116],"tags":[124],"class_list":["post-110667","post","type-post","status-publish","format-standard","hentry","category-progepe","tag-comissao"],"acf":[],"_links":{"self":[{"href":"https:\/\/progepe.ufpr.br\/portarias\/wp-json\/wp\/v2\/posts\/110667","targetHints":{"allow":["GET"]}}],"collection":[{"href":"https:\/\/progepe.ufpr.br\/portarias\/wp-json\/wp\/v2\/posts"}],"about":[{"href":"https:\/\/progepe.ufpr.br\/portarias\/wp-json\/wp\/v2\/types\/post"}],"author":[{"embeddable":true,"href":"https:\/\/progepe.ufpr.br\/portarias\/wp-json\/wp\/v2\/users\/41"}],"replies":[{"embeddable":true,"href":"https:\/\/progepe.ufpr.br\/portarias\/wp-json\/wp\/v2\/comments?post=110667"}],"version-history":[{"count":1,"href":"https:\/\/progepe.ufpr.br\/portarias\/wp-json\/wp\/v2\/posts\/110667\/revisions"}],"predecessor-version":[{"id":154181,"href":"https:\/\/progepe.ufpr.br\/portarias\/wp-json\/wp\/v2\/posts\/110667\/revisions\/154181"}],"wp:attachment":[{"href":"https:\/\/progepe.ufpr.br\/portarias\/wp-json\/wp\/v2\/media?parent=110667"}],"wp:term":[{"taxonomy":"category","embeddable":true,"href":"https:\/\/progepe.ufpr.br\/portarias\/wp-json\/wp\/v2\/categories?post=110667"},{"taxonomy":"post_tag","embeddable":true,"href":"https:\/\/progepe.ufpr.br\/portarias\/wp-json\/wp\/v2\/tags?post=110667"}],"curies":[{"name":"wp","href":"https:\/\/api.w.org\/{rel}","templated":true}]}}