{"id":110733,"date":"2013-11-19T10:01:00","date_gmt":"2013-11-19T12:01:00","guid":{"rendered":"http:\/\/progepe.ufpr.br\/portarias\/progepe-2013-04432\/"},"modified":"2024-09-17T15:39:34","modified_gmt":"2024-09-17T18:39:34","slug":"progepe-2013-04432","status":"publish","type":"post","link":"https:\/\/progepe.ufpr.br\/portarias\/progepe-2013-04432\/","title":{"rendered":"PORTARIA N\u00ba 04432\/PROGEPE, DE 19 DE NOVEMBRO DE 2013"},"content":{"rendered":"\n<p style=\"padding-left:43%\">O Pr\u00f3-Reitor de Gest\u00e3o de Pessoas da Universidade Federal do Paran\u00e1, no uso de suas atribui\u00e7\u00f5es, tendo em vista a compet\u00eancia que lhe \u00e9 conferida pela Portaria n\u00ba 2.590, de 26 de setembro de 1997 e considerando o que consta no processo n\u00ba 047172\/2013-00,<\/p>\n\n\n\n<p style=\"padding-left:43%\"><strong>RESOLVE:<\/strong><\/p>\n\n\n\n<p>Designar, para compor a Comiss\u00e3o Especial para an\u00e1lise dos casos de ac\u00famulo de cargos, os seguintes membros:<\/p>\n\n\n\n<p class=\"has-small-font-size\" style=\"padding-left:var(--wp--preset--spacing--40)\"><strong>Presidente:<\/strong><\/p>\n\n\n\n<p style=\"padding-left:var(--wp--preset--spacing--60)\">MARIA DE LOURDES FIDELIS &#8211; 130923<\/p>\n\n\n\n<p class=\"has-small-font-size\" style=\"padding-left:var(--wp--preset--spacing--40)\"><strong>Membros:<\/strong><\/p>\n\n\n\n<p style=\"padding-left:var(--wp--preset--spacing--60)\">ANA MARIA GUIMAR\u00c3ES DA CRUZ &#8211; 163783<br>LARYSSA MARTINS BORN &#8211; 106674<br>LANIA VIRGINIA BUSNELLO VAZ &#8211; 109037<br>LUIZ FERNANDO NADOLNY &#8211; 121258<br>NEWTON SERGIO DE CARVALHO &#8211; 203232<\/p>\n","protected":false},"excerpt":{"rendered":"<p>Designar, para compor a Comiss\u00e3o Especial para an\u00e1lise dos casos de ac\u00famulo de cargos, os seguintes membros:  <!-- wp:paragraph {\"style\":{\"spacing\":{\"padding\":{\"left\":\"var:preset|spacing|40\"}}},\"fontSize\":\"small\"} \n\n<p class=\"has-small-font-size\" style=\"padding-left:var(--wp--preset--spacing--40)\"><strong>Presidente:<\/strong>  <!-- wp:paragraph {\"style\":{\"spacing\":{\"padding\":{\"left\":\"var:preset|spacing|60\"}}}} \n\n<p style=\"padding-left:var(--wp--preset--spacing--60)\">MARIA DE LOURDES FIDELIS - 130923  <!-- wp:paragraph {\"style\":{\"spacing\":{\"padding\":{\"left\":\"var:preset|spacing|40\"}}},\"fontSize\":\"small\"} \n\n<p class=\"has-small-font-size\" style=\"padding-left:var(--wp--preset--spacing--40)\"><strong>Membros:<\/strong>  <!-- wp:paragraph {\"style\":{\"spacing\":{\"padding\":{\"left\":\"var:preset|spacing|60\"}}}} \n\n<p style=\"padding-left:var(--wp--preset--spacing--60)\">ANA MARIA GUIMAR\u00c3ES DA CRUZ - 163783<br \/>LARYSSA MARTINS BORN - 106674<br \/>LANIA VIRGINIA BUSNELLO VAZ - 109037<br \/>LUIZ FERNANDO NADOLNY - 12125\n<\/p>\n","protected":false},"author":41,"featured_media":0,"comment_status":"closed","ping_status":"open","sticky":false,"template":"","format":"standard","meta":{"_acf_changed":false,"iawp_total_views":1,"footnotes":""},"categories":[116],"tags":[124],"class_list":["post-110733","post","type-post","status-publish","format-standard","hentry","category-progepe","tag-comissao"],"acf":[],"_links":{"self":[{"href":"https:\/\/progepe.ufpr.br\/portarias\/wp-json\/wp\/v2\/posts\/110733","targetHints":{"allow":["GET"]}}],"collection":[{"href":"https:\/\/progepe.ufpr.br\/portarias\/wp-json\/wp\/v2\/posts"}],"about":[{"href":"https:\/\/progepe.ufpr.br\/portarias\/wp-json\/wp\/v2\/types\/post"}],"author":[{"embeddable":true,"href":"https:\/\/progepe.ufpr.br\/portarias\/wp-json\/wp\/v2\/users\/41"}],"replies":[{"embeddable":true,"href":"https:\/\/progepe.ufpr.br\/portarias\/wp-json\/wp\/v2\/comments?post=110733"}],"version-history":[{"count":3,"href":"https:\/\/progepe.ufpr.br\/portarias\/wp-json\/wp\/v2\/posts\/110733\/revisions"}],"predecessor-version":[{"id":257390,"href":"https:\/\/progepe.ufpr.br\/portarias\/wp-json\/wp\/v2\/posts\/110733\/revisions\/257390"}],"wp:attachment":[{"href":"https:\/\/progepe.ufpr.br\/portarias\/wp-json\/wp\/v2\/media?parent=110733"}],"wp:term":[{"taxonomy":"category","embeddable":true,"href":"https:\/\/progepe.ufpr.br\/portarias\/wp-json\/wp\/v2\/categories?post=110733"},{"taxonomy":"post_tag","embeddable":true,"href":"https:\/\/progepe.ufpr.br\/portarias\/wp-json\/wp\/v2\/tags?post=110733"}],"curies":[{"name":"wp","href":"https:\/\/api.w.org\/{rel}","templated":true}]}}