{"id":110828,"date":"2013-05-27T10:12:00","date_gmt":"2013-05-27T13:12:00","guid":{"rendered":"http:\/\/progepe.ufpr.br\/portarias\/progepe-2013-01950\/"},"modified":"2024-05-27T14:30:36","modified_gmt":"2024-05-27T17:30:36","slug":"progepe-2013-01950","status":"publish","type":"post","link":"https:\/\/progepe.ufpr.br\/portarias\/progepe-2013-01950\/","title":{"rendered":"PORTARIA N\u00ba 01950\/PROGEPE, DE 27 DE MAIO DE 2013"},"content":{"rendered":"\n<p style=\"padding-left:43%\">O Pr\u00f3-Reitor de Gest\u00e3o de Pessoas da Universidade Federal do Paran\u00e1, no uso de suas atribui\u00e7\u00f5es, tendo em vista a compet\u00eancia que lhe \u00e9 conferida pela Portaria n\u00ba 2.590, de 26 de setembro de 1997 e considerando o que consta no processo n\u00ba 005361\/2013-05,<\/p>\n\n\n\n<p style=\"padding-left:43%\"><strong>RESOLVE:<\/strong><\/p>\n\n\n\n<p>Retificar a <a href=\"https:\/\/progepe.ufpr.br\/portarias\/progepe-2013-01478\/\" data-type=\"post\" data-id=\"110793\">Portaria n\u00ba 1.478\/PROGEPE, de 24 de abril de 2013<\/a>, publicada no DOU de 26.04.2013, Se\u00e7\u00e3o 2, p\u00e1gina 28, que autorizou a contrata\u00e7\u00e3o de MARIANA CAMARGO LOUREN\u00c7O, como Professor Substituto, para o Departamento de Medicina Veterin\u00e1ria do Setor de Ci\u00eancias Agr\u00e1rias:<\/p>\n\n\n\n<p style=\"padding-left:var(--wp--preset--spacing--30)\">Onde se l\u00ea: Conceder retribui\u00e7\u00e3o por titula\u00e7\u00e3o de, de acordo com o Art. 1\u00ba, Inciso I da Lei n\u00ba 12.772\/12 &#8230; .<br>Leia-se: Conceder retribui\u00e7\u00e3o por titula\u00e7\u00e3o de, de acordo com o Art. 16, Inciso II e Art. 17 da Lei n\u00ba 12.772\/12 &#8230; .<\/p>\n","protected":false},"excerpt":{"rendered":"<p>Retificar a <a href=\"https:\/\/progepe.ufpr.br\/portarias\/progepe-2013-01478\/\" data-type=\"post\" data-id=\"110793\">Portaria n\u00ba 1.478\/PROGEPE, de 24 de abril de 2013<\/a>, publicada no DOU de 26.04.2013, Se\u00e7\u00e3o 2, p\u00e1gina 28, que autorizou a contrata\u00e7\u00e3o de MARIANA CAMARGO LOUREN\u00c7O, como Professor Substituto, para o Departamento de Medicina Veterin\u00e1ria do Setor de Ci\u00eancias Agr\u00e1rias:  <!-- wp:paragraph {\"style\":{\"spacing\":{\"padding\":{\"left\":\"var:preset|spacing|30\"}}}} \n\n<p style=\"padding-left:var(--wp--preset--spacing--30)\">Onde se l\u00ea: Conceder retribui\u00e7\u00e3o por titula\u00e7\u00e3o de, de acordo com o Art. 1\u00ba, Inciso I da Lei n\u00ba 12.772\/12 ... .<br \/>Leia-se: Conceder retribui\u00e7\u00e3o por titula\u00e7\u00e3o de, de acordo com o Art. 16, Inciso II e Art. 17 da Lei n\u00ba 12.772\/12 ... .\n<\/p>\n","protected":false},"author":41,"featured_media":0,"comment_status":"closed","ping_status":"open","sticky":false,"template":"","format":"standard","meta":{"_acf_changed":false,"iawp_total_views":0,"footnotes":""},"categories":[116],"tags":[141],"class_list":["post-110828","post","type-post","status-publish","format-standard","hentry","category-progepe","tag-contratacao"],"acf":[],"_links":{"self":[{"href":"https:\/\/progepe.ufpr.br\/portarias\/wp-json\/wp\/v2\/posts\/110828","targetHints":{"allow":["GET"]}}],"collection":[{"href":"https:\/\/progepe.ufpr.br\/portarias\/wp-json\/wp\/v2\/posts"}],"about":[{"href":"https:\/\/progepe.ufpr.br\/portarias\/wp-json\/wp\/v2\/types\/post"}],"author":[{"embeddable":true,"href":"https:\/\/progepe.ufpr.br\/portarias\/wp-json\/wp\/v2\/users\/41"}],"replies":[{"embeddable":true,"href":"https:\/\/progepe.ufpr.br\/portarias\/wp-json\/wp\/v2\/comments?post=110828"}],"version-history":[{"count":2,"href":"https:\/\/progepe.ufpr.br\/portarias\/wp-json\/wp\/v2\/posts\/110828\/revisions"}],"predecessor-version":[{"id":256057,"href":"https:\/\/progepe.ufpr.br\/portarias\/wp-json\/wp\/v2\/posts\/110828\/revisions\/256057"}],"wp:attachment":[{"href":"https:\/\/progepe.ufpr.br\/portarias\/wp-json\/wp\/v2\/media?parent=110828"}],"wp:term":[{"taxonomy":"category","embeddable":true,"href":"https:\/\/progepe.ufpr.br\/portarias\/wp-json\/wp\/v2\/categories?post=110828"},{"taxonomy":"post_tag","embeddable":true,"href":"https:\/\/progepe.ufpr.br\/portarias\/wp-json\/wp\/v2\/tags?post=110828"}],"curies":[{"name":"wp","href":"https:\/\/api.w.org\/{rel}","templated":true}]}}