{"id":111296,"date":"2013-07-03T10:00:00","date_gmt":"2013-07-03T13:00:00","guid":{"rendered":"http:\/\/progepe.ufpr.br\/portarias\/progepe-2013-02557\/"},"modified":"2023-07-31T17:03:05","modified_gmt":"2023-07-31T20:03:05","slug":"progepe-2013-02557","status":"publish","type":"post","link":"https:\/\/progepe.ufpr.br\/portarias\/progepe-2013-02557\/","title":{"rendered":"PORTARIA N\u00ba 02557\/PROGEPE, DE 03 DE JULHO DE 2013"},"content":{"rendered":"\n<p>O Pr\u00f3-Reitor de Gest\u00e3o de Pessoas da Universidade Federal do Paran\u00e1, no uso de suas atribui\u00e7\u00f5es, tendo em vista a compet\u00eancia que lhe \u00e9 conferida pela Portaria n\u00ba 2.590, de 26 de setembro de 1997 e o que consta no processo n\u00ba 073784\/2011-88,<\/p>\n\n\n<p><strong>RESOLVE:<\/strong><\/p>\n\n\n<p>Convalidar, a partir de 05 de abril de 2011, tendo em vista o que consta na Resolu\u00e7\u00e3o n\u00ba 40\/2009-COUN e o que consta na Portaria n\u00ba 886\/PROGEPE, de 13 de mar\u00e7o de 2013, o enquadramento no Plano de Carreira dos Cargos T\u00e9cnicos Administrativos em Educa\u00e7\u00e3o da servidora LIDIA FABRICIO DE MELO GARBERS &#8211; 143944, ocupante do cargo de M\u00e9dico &#8211; \u00c1rea, lotada no Hospital de Cl\u00ednicas, conforme tabela abaixo: SITUA\u00c7\u00c3O ANTERIOR SITUA\u00c7\u00c3O ATUAL 01\/03\/2005 \u2013 E 1 05 01\/03\/2005 \u2013 E 1 09 14\/08\/2006 \u2013 E 1 06 14\/08\/2006 \u2013 E 1 10 14\/02\/2008 \u2013 E 1 07 14\/02\/2008 \u2013 E 1 11 14\/08\/2009 \u2013 E 1 08 14\/08\/2009 \u2013 E 1 12 01\/02\/2011 \u2013 E 1 09 01\/02\/2011 \u2013 E 1 13 28\/06\/2011 \u2013 E 4 09 28\/06\/2011 \u2013 E 4 13 01\/08\/2012 \u2013 E 4 10 01\/08\/2012 \u2013 E 4 14<\/p><p><\/p>\n\n\n<div style=\"height:15px\" aria-hidden=\"true\" class=\"wp-block-spacer\"><\/div>\n\n\n<div class=\"wp-block-buttons is-content-justification-right is-layout-flex wp-container-core-buttons-is-layout-1 wp-block-buttons-is-layout-flex\">\n<div class=\"wp-block-button has-custom-font-size is-style-outline has-small-font-size is-style-outline--1\"><a class=\"wp-block-button__link\" href=\"https:\/\/progepe.ufpr.br\/portarias\/wp-content\/uploads\/pcp\/PROGEPE\/2013\/2557PR.pdf\" style=\"border-radius:0px\" target=\"_blank\" rel=\"noreferrer noopener\">Acesse o arquivo da portaria<\/a><\/div><\/div>\n","protected":false},"excerpt":{"rendered":"<p>Convalidar, a partir de 05 de abril de 2011, tendo em vista o que consta na Resolu\u00e7\u00e3o n\u00ba 40\/2009-COUN e o que consta na Portaria n\u00ba 886\/PROGEPE, de 13 de mar\u00e7o de 2013, o enquadramento no Plano de Carreira dos Cargos T\u00e9cnicos Administrativos em Educa\u00e7\u00e3o da servidora LIDIA FABRICIO DE MELO GARBERS &#8211; 143944, ocupante do cargo de M\u00e9dico &#8211; \u00c1rea, lotada no Hospital de Cl\u00ednicas, conforme tabela abaixo: SITUA\u00c7\u00c3O ANTERIOR SITUA\u00c7\u00c3O ATUAL 01\/03\/2005 \u2013 E 1 05 01\/03\/2005 \u2013 E 1 09 14\/08\/2006 \u2013 E 1 06 14\/08\/2006 \u2013 E 1 10 14\/02\/2008 \u2013 E 1 07<\/p>\n","protected":false},"author":41,"featured_media":0,"comment_status":"closed","ping_status":"open","sticky":false,"template":"wp-custom-template-emissao-entre-01-05-2004-ate-30-06-2017","format":"standard","meta":{"_acf_changed":false,"iawp_total_views":0,"footnotes":""},"categories":[116],"tags":[246],"class_list":["post-111296","post","type-post","status-publish","format-standard","hentry","category-progepe","tag-enquadramento"],"acf":[],"_links":{"self":[{"href":"https:\/\/progepe.ufpr.br\/portarias\/wp-json\/wp\/v2\/posts\/111296","targetHints":{"allow":["GET"]}}],"collection":[{"href":"https:\/\/progepe.ufpr.br\/portarias\/wp-json\/wp\/v2\/posts"}],"about":[{"href":"https:\/\/progepe.ufpr.br\/portarias\/wp-json\/wp\/v2\/types\/post"}],"author":[{"embeddable":true,"href":"https:\/\/progepe.ufpr.br\/portarias\/wp-json\/wp\/v2\/users\/41"}],"replies":[{"embeddable":true,"href":"https:\/\/progepe.ufpr.br\/portarias\/wp-json\/wp\/v2\/comments?post=111296"}],"version-history":[{"count":1,"href":"https:\/\/progepe.ufpr.br\/portarias\/wp-json\/wp\/v2\/posts\/111296\/revisions"}],"predecessor-version":[{"id":154750,"href":"https:\/\/progepe.ufpr.br\/portarias\/wp-json\/wp\/v2\/posts\/111296\/revisions\/154750"}],"wp:attachment":[{"href":"https:\/\/progepe.ufpr.br\/portarias\/wp-json\/wp\/v2\/media?parent=111296"}],"wp:term":[{"taxonomy":"category","embeddable":true,"href":"https:\/\/progepe.ufpr.br\/portarias\/wp-json\/wp\/v2\/categories?post=111296"},{"taxonomy":"post_tag","embeddable":true,"href":"https:\/\/progepe.ufpr.br\/portarias\/wp-json\/wp\/v2\/tags?post=111296"}],"curies":[{"name":"wp","href":"https:\/\/api.w.org\/{rel}","templated":true}]}}