{"id":11250,"date":"2019-10-18T10:29:00","date_gmt":"2019-10-18T13:29:00","guid":{"rendered":"http:\/\/progepe.ufpr.br\/portal\/?post_type=portarias&#038;p=11250"},"modified":"2023-08-03T12:50:34","modified_gmt":"2023-08-03T15:50:34","slug":"progepe-2019-04260","status":"publish","type":"post","link":"https:\/\/progepe.ufpr.br\/portarias\/progepe-2019-04260\/","title":{"rendered":"PORTARIA N\u00ba 04260\/PROGEPE, DE 18 DE OUTUBRO DE 2019"},"content":{"rendered":"\n<p><strong>O Pr\u00f3-Reitor de Gest\u00e3o de Pessoas da Universidade Federal do Paran\u00e1<\/strong><strong>,<\/strong> no uso de suas atribui\u00e7\u00f5es, tendo em vista a\ncompet\u00eancia que lhe \u00e9 conferida pela Portaria n\u00ba 2.590, de 26 de setembro de\n1997 e considerando o que consta no processo n\u00ba 23075.060733\/2019-43,<\/p>\n\n\n\n<p>RESOLVE:<\/p>\n\n\n\n<p>Autorizar a prorroga\u00e7\u00e3o do\nafastamento integral da servidora ISABEL CRISTINA MARTINES &#8211; 2739199, ocupante do cargo de Professora\ndo Magist\u00e9rio Superior, lotada na Coordena\u00e7\u00e3o da C\u00e2mara do Curso de\nLicenciatura em Educa\u00e7\u00e3o F\u00edsica do Setor Litoral, com a finalidade de dar\ncontinuidade ao Curso de P\u00f3s-Gradua\u00e7\u00e3o em Educa\u00e7\u00e3o F\u00edsica, em n\u00edvel de\nDoutorado, na Universidade Estadual de\nMaring\u00e1, no per\u00edodo de 13 de mar\u00e7o de 2020 a 13 de mar\u00e7o de 2022, com \u00f4nus limitado\npara a UFPR.<\/p>\n\n\n\n<p style=\"text-align:right\">Douglas Ortiz Hamermuller<\/p>\n","protected":false},"excerpt":{"rendered":"<p>Autorizar a prorroga\u00e7\u00e3o do afastamento integral da servidora ISABEL CRISTINA MARTINES &#8211; 2739199, ocupante do cargo de Professora do Magist\u00e9rio Superior, lotada na Coordena\u00e7\u00e3o da C\u00e2mara do Curso de Licenciatura em Educa\u00e7\u00e3o F\u00edsica do Setor Litoral, com a finalidade de dar continuidade ao Curso de P\u00f3s-Gradua\u00e7\u00e3o em Educa\u00e7\u00e3o F\u00edsica, em n\u00edvel de Doutorado, na Universidade Estadual de Maring\u00e1, no per\u00edodo de 13 de mar\u00e7o de 2020 a 13 de mar\u00e7o de 2022, com \u00f4nus limitado para a UFPR.  <!-- wp:paragraph {\"align\":\"right\"} \n\n<p style=\"text-align:right\">Douglas Ortiz Hamermuller\n<\/p>\n","protected":false},"author":49,"featured_media":0,"comment_status":"closed","ping_status":"closed","sticky":false,"template":"","format":"standard","meta":{"_acf_changed":false,"iawp_total_views":0,"footnotes":""},"categories":[116],"tags":[123],"class_list":["post-11250","post","type-post","status-publish","format-standard","hentry","category-progepe","tag-afastamento-licenca"],"acf":[],"_links":{"self":[{"href":"https:\/\/progepe.ufpr.br\/portarias\/wp-json\/wp\/v2\/posts\/11250","targetHints":{"allow":["GET"]}}],"collection":[{"href":"https:\/\/progepe.ufpr.br\/portarias\/wp-json\/wp\/v2\/posts"}],"about":[{"href":"https:\/\/progepe.ufpr.br\/portarias\/wp-json\/wp\/v2\/types\/post"}],"author":[{"embeddable":true,"href":"https:\/\/progepe.ufpr.br\/portarias\/wp-json\/wp\/v2\/users\/49"}],"replies":[{"embeddable":true,"href":"https:\/\/progepe.ufpr.br\/portarias\/wp-json\/wp\/v2\/comments?post=11250"}],"version-history":[{"count":1,"href":"https:\/\/progepe.ufpr.br\/portarias\/wp-json\/wp\/v2\/posts\/11250\/revisions"}],"predecessor-version":[{"id":190735,"href":"https:\/\/progepe.ufpr.br\/portarias\/wp-json\/wp\/v2\/posts\/11250\/revisions\/190735"}],"wp:attachment":[{"href":"https:\/\/progepe.ufpr.br\/portarias\/wp-json\/wp\/v2\/media?parent=11250"}],"wp:term":[{"taxonomy":"category","embeddable":true,"href":"https:\/\/progepe.ufpr.br\/portarias\/wp-json\/wp\/v2\/categories?post=11250"},{"taxonomy":"post_tag","embeddable":true,"href":"https:\/\/progepe.ufpr.br\/portarias\/wp-json\/wp\/v2\/tags?post=11250"}],"curies":[{"name":"wp","href":"https:\/\/api.w.org\/{rel}","templated":true}]}}