{"id":112648,"date":"2013-05-27T10:05:00","date_gmt":"2013-05-27T13:05:00","guid":{"rendered":"http:\/\/progepe.ufpr.br\/portarias\/progepe-2013-01943\/"},"modified":"2023-08-03T11:45:58","modified_gmt":"2023-08-03T14:45:58","slug":"progepe-2013-01943","status":"publish","type":"post","link":"https:\/\/progepe.ufpr.br\/portarias\/progepe-2013-01943\/","title":{"rendered":"PORTARIA N\u00ba 01943\/PROGEPE, DE 27 DE MAIO DE 2013"},"content":{"rendered":"\n<p>O Pr\u00f3-Reitor de Gest\u00e3o de Pessoas da Universidade Federal do Paran\u00e1, no uso de suas atribui\u00e7\u00f5es, tendo em vista a compet\u00eancia que lhe \u00e9 conferida pela Portaria n\u00ba 2.590, de 26 de setembro de 1997, considerando o que consta no artigo 9\u00ba, inciso I da Lei n\u00ba 8.112\/90; autorizada pelo Decreto n\u00ba 7232 de 19 de julho de 2010, publicado no DOU de 20 de julho 2010; Portaria Interministerial n\u00ba 440 de 18 de outubro de 2011, alterada pela Portaria Interministerial n\u00ba 47 de 28 de fevereiro de 2013, publicado no DOU de 01 de mar\u00e7o 2013; e, o contido no processo n\u00ba 020328\/2013-05,<\/p>\n\n\n<p><strong>RESOLVE:<\/strong><\/p>\n\n\n<p>Nomear em car\u00e1ter efetivo JAMILSON BISPO DE OLIVEIRA, habilitado em concurso p\u00fablico realizado por esta Institui\u00e7\u00e3o, homologado em 09.05.2013, para o cargo de T\u00e9cnico em Agropecu\u00e1ria, n\u00edvel de Classifica\u00e7\u00e3o D, n\u00edvel de Capacita\u00e7\u00e3o I, padr\u00e3o de Vencimento 01, no regime de trabalho de 40 (quarenta) horas semanais, lota\u00e7\u00e3o na cidade de Palotina, na vaga de c\u00f3digo n\u00ba 247717.<\/p><p><\/p>\n\n\n<div style=\"height:15px\" aria-hidden=\"true\" class=\"wp-block-spacer\"><\/div>\n\n\n<div class=\"wp-block-buttons is-content-justification-right is-layout-flex wp-container-core-buttons-is-layout-1 wp-block-buttons-is-layout-flex\">\n<div class=\"wp-block-button has-custom-font-size is-style-outline has-small-font-size is-style-outline--1\"><a class=\"wp-block-button__link\" href=\"https:\/\/progepe.ufpr.br\/portarias\/wp-content\/uploads\/pcp\/PROGEPE\/2013\/1943PR.pdf\" style=\"border-radius:0px\" target=\"_blank\" rel=\"noreferrer noopener\">Acesse o arquivo da portaria<\/a><\/div><\/div>\n","protected":false},"excerpt":{"rendered":"<p>Nomear em car\u00e1ter efetivo JAMILSON BISPO DE OLIVEIRA, habilitado em concurso p\u00fablico realizado por esta Institui\u00e7\u00e3o, homologado em 09.05.2013, para o cargo de T\u00e9cnico em Agropecu\u00e1ria, n\u00edvel de Classifica\u00e7\u00e3o D, n\u00edvel de Capacita\u00e7\u00e3o I, padr\u00e3o de Vencimento 01, no regime de trabalho de 40 (quarenta) horas semanais, lota\u00e7\u00e3o na cidade de Palotina, na vaga de c\u00f3digo n\u00ba 247717.  {&#8220;height&#8221;:&#8221;15px&#8221;} <\/p>\n<div style=\"height:15px\" aria-hidden=\"true\" class=\"wp-block-spacer\"> <!-- \/wp:spacer  {\"layout\":{\"type\":\"flex\",\"justifyContent\":\"right\"}} \n\n<div class=\"wp-block-buttons\"><!-- wp:button {\"style\":{\"border\":{\"radius\":\"0px\"}},\"className\":\"is-style-outline\",\"fontSize\":\"small\"} \n\n<div class=\"wp-block-button has-custom-font-size is-style-outline has-small-font-size\"><a class=\"wp-block-button__link\" href=\"https:\/\/progepe.ufpr.br\/portarias\/wp-content\/uploads\/pcp\/PROGEPE\/2013\/1943PR.pdf\" style=\"border-radius:0px\" target=\"_blank\" rel=\"noreferrer noopener\">Acesse o arquivo da portaria<\/a><!-- \/wp:button <!-- \/wp:b\n<\/p>\n","protected":false},"author":41,"featured_media":0,"comment_status":"closed","ping_status":"open","sticky":false,"template":"wp-custom-template-emissao-entre-01-05-2004-ate-30-06-2017","format":"standard","meta":{"_acf_changed":false,"iawp_total_views":0,"footnotes":""},"categories":[116],"tags":[121],"class_list":["post-112648","post","type-post","status-publish","format-standard","hentry","category-progepe","tag-nomeacao"],"acf":[],"_links":{"self":[{"href":"https:\/\/progepe.ufpr.br\/portarias\/wp-json\/wp\/v2\/posts\/112648","targetHints":{"allow":["GET"]}}],"collection":[{"href":"https:\/\/progepe.ufpr.br\/portarias\/wp-json\/wp\/v2\/posts"}],"about":[{"href":"https:\/\/progepe.ufpr.br\/portarias\/wp-json\/wp\/v2\/types\/post"}],"author":[{"embeddable":true,"href":"https:\/\/progepe.ufpr.br\/portarias\/wp-json\/wp\/v2\/users\/41"}],"replies":[{"embeddable":true,"href":"https:\/\/progepe.ufpr.br\/portarias\/wp-json\/wp\/v2\/comments?post=112648"}],"version-history":[{"count":1,"href":"https:\/\/progepe.ufpr.br\/portarias\/wp-json\/wp\/v2\/posts\/112648\/revisions"}],"predecessor-version":[{"id":155858,"href":"https:\/\/progepe.ufpr.br\/portarias\/wp-json\/wp\/v2\/posts\/112648\/revisions\/155858"}],"wp:attachment":[{"href":"https:\/\/progepe.ufpr.br\/portarias\/wp-json\/wp\/v2\/media?parent=112648"}],"wp:term":[{"taxonomy":"category","embeddable":true,"href":"https:\/\/progepe.ufpr.br\/portarias\/wp-json\/wp\/v2\/categories?post=112648"},{"taxonomy":"post_tag","embeddable":true,"href":"https:\/\/progepe.ufpr.br\/portarias\/wp-json\/wp\/v2\/tags?post=112648"}],"curies":[{"name":"wp","href":"https:\/\/api.w.org\/{rel}","templated":true}]}}