{"id":113570,"date":"2013-09-11T10:04:00","date_gmt":"2013-09-11T13:04:00","guid":{"rendered":"http:\/\/progepe.ufpr.br\/portarias\/progepe-2013-03491\/"},"modified":"2024-09-17T14:55:00","modified_gmt":"2024-09-17T17:55:00","slug":"progepe-2013-03491","status":"publish","type":"post","link":"https:\/\/progepe.ufpr.br\/portarias\/progepe-2013-03491\/","title":{"rendered":"PORTARIA N\u00ba 03491\/PROGEPE, DE 11 DE SETEMBRO DE 2013"},"content":{"rendered":"\n<p style=\"padding-left:43%\">O Pr\u00f3-Reitor de Gest\u00e3o de Pessoas da Universidade Federal do Paran\u00e1, no uso de suas atribui\u00e7\u00f5es, tendo em vista a compet\u00eancia que lhe \u00e9 conferida pela Portaria n\u00ba 2.590, de 26 de setembro de 1997, considerando o que consta na Resolu\u00e7\u00e3o n\u00ba 07\/2012-CEPE alterada pela Resolu\u00e7\u00e3o n\u00ba 61\/2012-CEPE, e ainda o que consta no processo 034909\/2013-16,<\/p>\n\n\n\n<p style=\"padding-left:43%\"><strong>RESOLVE:<\/strong><\/p>\n\n\n\n<p>I. Conceder progress\u00e3o funcional \u00e0 servidora JULIANA GISI MARTINS DE ALMEIDA &#8211; 181838, lotada no Departamento de Teoria e Pr\u00e1tica de Ensino do Setor de Educa\u00e7\u00e3o, do n\u00edvel IV da classe Assistente para o n\u00edvel I da classe Adjunto, conforme parecer da CPPD na avalia\u00e7\u00e3o de desempenho, a partir de 20 de agosto 2013, tendo em vista ter obtido o t\u00edtulo de Doutor em Artes Visuais.<\/p>\n\n\n\n<p>II. Conceder retribui\u00e7\u00e3o por titula\u00e7\u00e3o, de acordo com o Artigo 16 da Lei n\u00ba 12.772\/12, a partir da mesma data, \u00e0 referida docente.<\/p>\n","protected":false},"excerpt":{"rendered":"<p>I. Conceder progress\u00e3o funcional \u00e0 servidora JULIANA GISI MARTINS DE ALMEIDA &#8211; 181838, lotada no Departamento de Teoria e Pr\u00e1tica de Ensino do Setor de Educa\u00e7\u00e3o, do n\u00edvel IV da classe Assistente para o n\u00edvel I da classe Adjunto, conforme parecer da CPPD na avalia\u00e7\u00e3o de desempenho, a partir de 20 de agosto 2013, tendo em vista ter obtido o t\u00edtulo de Doutor em Artes Visuais.  II. Conceder retribui\u00e7\u00e3o por titula\u00e7\u00e3o, de acordo com o Artigo 16 da Lei n\u00ba 12.772\/12, a partir da mesma data, \u00e0 referida docente.<\/p>\n","protected":false},"author":41,"featured_media":0,"comment_status":"closed","ping_status":"open","sticky":false,"template":"","format":"standard","meta":{"_acf_changed":false,"iawp_total_views":0,"footnotes":""},"categories":[116],"tags":[143,147],"class_list":["post-113570","post","type-post","status-publish","format-standard","hentry","category-progepe","tag-progressao-promocao","tag-retribuicao-titulacao"],"acf":[],"_links":{"self":[{"href":"https:\/\/progepe.ufpr.br\/portarias\/wp-json\/wp\/v2\/posts\/113570","targetHints":{"allow":["GET"]}}],"collection":[{"href":"https:\/\/progepe.ufpr.br\/portarias\/wp-json\/wp\/v2\/posts"}],"about":[{"href":"https:\/\/progepe.ufpr.br\/portarias\/wp-json\/wp\/v2\/types\/post"}],"author":[{"embeddable":true,"href":"https:\/\/progepe.ufpr.br\/portarias\/wp-json\/wp\/v2\/users\/41"}],"replies":[{"embeddable":true,"href":"https:\/\/progepe.ufpr.br\/portarias\/wp-json\/wp\/v2\/comments?post=113570"}],"version-history":[{"count":2,"href":"https:\/\/progepe.ufpr.br\/portarias\/wp-json\/wp\/v2\/posts\/113570\/revisions"}],"predecessor-version":[{"id":257359,"href":"https:\/\/progepe.ufpr.br\/portarias\/wp-json\/wp\/v2\/posts\/113570\/revisions\/257359"}],"wp:attachment":[{"href":"https:\/\/progepe.ufpr.br\/portarias\/wp-json\/wp\/v2\/media?parent=113570"}],"wp:term":[{"taxonomy":"category","embeddable":true,"href":"https:\/\/progepe.ufpr.br\/portarias\/wp-json\/wp\/v2\/categories?post=113570"},{"taxonomy":"post_tag","embeddable":true,"href":"https:\/\/progepe.ufpr.br\/portarias\/wp-json\/wp\/v2\/tags?post=113570"}],"curies":[{"name":"wp","href":"https:\/\/api.w.org\/{rel}","templated":true}]}}