{"id":12177,"date":"2019-10-23T10:07:00","date_gmt":"2019-10-23T13:07:00","guid":{"rendered":"http:\/\/progepe.ufpr.br\/portal\/?post_type=portarias&#038;p=12177"},"modified":"2023-08-03T12:50:40","modified_gmt":"2023-08-03T15:50:40","slug":"progepe-2019-04306","status":"publish","type":"post","link":"https:\/\/progepe.ufpr.br\/portarias\/progepe-2019-04306\/","title":{"rendered":"PORTARIA N\u00ba 04306\/PROGEPE, DE 23 DE OUTUBRO DE 2019"},"content":{"rendered":"\n<p><strong>O Pr\u00f3-Reitor de Gest\u00e3o de Pessoas da Universidade Federal do Paran\u00e1,<\/strong>  no uso de suas atribui\u00e7\u00f5es, tendo em vista a compet\u00eancia que lhe \u00e9  conferida pela Portaria n\u00ba 2.590, de 26 de setembro de 1997 e o contido  no processo n\u00ba 23075.064801\/2019-43; <\/p>\n\n\n\n<p>RESOLVE:<\/p>\n\n\n\n<p> Autorizar, a partir de 09 de setembro de 2019, a movimenta\u00e7\u00e3o da  servidora ROSANGELA APARECIDA DE CASTRO SANTOS &#8211; 2170578, ocupante do  cargo de Assistente em Administra\u00e7\u00e3o, para a Se\u00e7\u00e3o de Apoio a Gest\u00e3o  Acad\u00eamica do Ensino T\u00e9cnico e da Gradua\u00e7\u00e3o do Setor de Educa\u00e7\u00e3o  Profissional e Tecnol\u00f3gica. <\/p>\n\n\n\n<p style=\"text-align:right\"><strong>DOUGLAS ORTIZ HAMERMULLER<\/strong><\/p>\n","protected":false},"excerpt":{"rendered":"<p>Autorizar, a partir de 09 de setembro de 2019, a movimenta\u00e7\u00e3o da servidora ROSANGELA APARECIDA DE CASTRO SANTOS &#8211; 2170578, ocupante do cargo de Assistente em Administra\u00e7\u00e3o, para a Se\u00e7\u00e3o de Apoio a Gest\u00e3o Acad\u00eamica do Ensino T\u00e9cnico e da Gradua\u00e7\u00e3o do Setor de Educa\u00e7\u00e3o Profissional e Tecnol\u00f3gica.  <!-- wp:paragraph {\"align\":\"right\"} \n\n<p style=\"text-align:right\"><strong>DOUGLAS ORTIZ HAMERMULLER<\/strong>\n<\/p>\n","protected":false},"author":48,"featured_media":0,"comment_status":"closed","ping_status":"closed","sticky":false,"template":"","format":"standard","meta":{"_acf_changed":false,"iawp_total_views":0,"footnotes":""},"categories":[116],"tags":[135],"class_list":["post-12177","post","type-post","status-publish","format-standard","hentry","category-progepe","tag-remocao"],"acf":[],"_links":{"self":[{"href":"https:\/\/progepe.ufpr.br\/portarias\/wp-json\/wp\/v2\/posts\/12177","targetHints":{"allow":["GET"]}}],"collection":[{"href":"https:\/\/progepe.ufpr.br\/portarias\/wp-json\/wp\/v2\/posts"}],"about":[{"href":"https:\/\/progepe.ufpr.br\/portarias\/wp-json\/wp\/v2\/types\/post"}],"author":[{"embeddable":true,"href":"https:\/\/progepe.ufpr.br\/portarias\/wp-json\/wp\/v2\/users\/48"}],"replies":[{"embeddable":true,"href":"https:\/\/progepe.ufpr.br\/portarias\/wp-json\/wp\/v2\/comments?post=12177"}],"version-history":[{"count":1,"href":"https:\/\/progepe.ufpr.br\/portarias\/wp-json\/wp\/v2\/posts\/12177\/revisions"}],"predecessor-version":[{"id":190859,"href":"https:\/\/progepe.ufpr.br\/portarias\/wp-json\/wp\/v2\/posts\/12177\/revisions\/190859"}],"wp:attachment":[{"href":"https:\/\/progepe.ufpr.br\/portarias\/wp-json\/wp\/v2\/media?parent=12177"}],"wp:term":[{"taxonomy":"category","embeddable":true,"href":"https:\/\/progepe.ufpr.br\/portarias\/wp-json\/wp\/v2\/categories?post=12177"},{"taxonomy":"post_tag","embeddable":true,"href":"https:\/\/progepe.ufpr.br\/portarias\/wp-json\/wp\/v2\/tags?post=12177"}],"curies":[{"name":"wp","href":"https:\/\/api.w.org\/{rel}","templated":true}]}}