{"id":12216,"date":"2019-10-24T05:01:00","date_gmt":"2019-10-24T08:01:00","guid":{"rendered":"http:\/\/progepe.ufpr.br\/portal\/?post_type=portarias&#038;p=12216"},"modified":"2023-08-03T13:16:33","modified_gmt":"2023-08-03T16:16:33","slug":"rt-2019-00950","status":"publish","type":"post","link":"https:\/\/progepe.ufpr.br\/portarias\/rt-2019-00950\/","title":{"rendered":"PORTARIA N\u00ba 00950\/REITORIA, DE 15 DE OUTUBRO DE 2019"},"content":{"rendered":"\n<p><strong>O Reitor da Universidade Federal do Paran\u00e1, <\/strong>no uso de suas atribui\u00e7\u00f5es considerando o que consta no artigo 9\u00ba, inciso II da Lei n\u00ba 8.112\/90 e tendo em vista o que consta no processo n\u00ba 23075.073971\/2019-19, <\/p>\n\n\n\n<p>RESOLVE: <\/p>\n\n\n\n<p>Alterar a Portaria n\u00ba 221\/REITORIA, de 27 de abril de 2018, publicada no\nDi\u00e1rio Oficial da Uni\u00e3o de&nbsp;08 de maio de 2018, se\u00e7\u00e3o 2, p\u00e1g. 30, referente\n\u00e0 nomea\u00e7\u00e3o do servidor ELSON FAXINA&nbsp;&#8211; 1714832, na fun\u00e7\u00e3o de Coordenador do\nCurso de Comunica\u00e7\u00e3o Social, FCC \u2013 Fun\u00e7\u00e3o Comissionada de Coordena\u00e7\u00e3o de Curso,\ndo Setor de Artes, Comunica\u00e7\u00e3o e Design, para fazer constar que, a partir da\ndata de publica\u00e7\u00e3o em DOU desta Portaria, a referida fun\u00e7\u00e3o&nbsp;passa a\ndenominar-se Coordenador(a) de Curso de Gradua\u00e7\u00e3o do Setor de Artes,\nComunica\u00e7\u00e3o e Design, FCC \u2013 Fun\u00e7\u00e3o Comissionada de Coordena\u00e7\u00e3o de\nCurso&nbsp;(Curso de Comunica\u00e7\u00e3o Social).<\/p>\n\n\n\n<p style=\"text-align:right\"><strong>RICARDO MARCELO FONSECA<\/strong><\/p>\n","protected":false},"excerpt":{"rendered":"<p>O Reitor da Universidade Federal do Paran\u00e1, no uso de suas atribui\u00e7\u00f5es considerando o que consta no artigo 9\u00ba, inciso II da Lei n\u00ba 8.112\/90 e tendo em vista o que consta no processo n\u00ba 23075.073971\/2019-19, RESOLVE: Alterar a Portaria n\u00ba 221\/REITORIA, de 27 de abril de 2018, publicada no Di\u00e1rio Oficial da Uni\u00e3o de&nbsp;08 [&hellip;]<\/p>\n","protected":false},"author":50,"featured_media":0,"comment_status":"closed","ping_status":"closed","sticky":false,"template":"","format":"standard","meta":{"_acf_changed":false,"iawp_total_views":0,"footnotes":""},"categories":[117],"tags":[120],"class_list":["post-12216","post","type-post","status-publish","format-standard","hentry","category-rt","tag-funcao"],"acf":[],"_links":{"self":[{"href":"https:\/\/progepe.ufpr.br\/portarias\/wp-json\/wp\/v2\/posts\/12216","targetHints":{"allow":["GET"]}}],"collection":[{"href":"https:\/\/progepe.ufpr.br\/portarias\/wp-json\/wp\/v2\/posts"}],"about":[{"href":"https:\/\/progepe.ufpr.br\/portarias\/wp-json\/wp\/v2\/types\/post"}],"author":[{"embeddable":true,"href":"https:\/\/progepe.ufpr.br\/portarias\/wp-json\/wp\/v2\/users\/50"}],"replies":[{"embeddable":true,"href":"https:\/\/progepe.ufpr.br\/portarias\/wp-json\/wp\/v2\/comments?post=12216"}],"version-history":[{"count":1,"href":"https:\/\/progepe.ufpr.br\/portarias\/wp-json\/wp\/v2\/posts\/12216\/revisions"}],"predecessor-version":[{"id":190863,"href":"https:\/\/progepe.ufpr.br\/portarias\/wp-json\/wp\/v2\/posts\/12216\/revisions\/190863"}],"wp:attachment":[{"href":"https:\/\/progepe.ufpr.br\/portarias\/wp-json\/wp\/v2\/media?parent=12216"}],"wp:term":[{"taxonomy":"category","embeddable":true,"href":"https:\/\/progepe.ufpr.br\/portarias\/wp-json\/wp\/v2\/categories?post=12216"},{"taxonomy":"post_tag","embeddable":true,"href":"https:\/\/progepe.ufpr.br\/portarias\/wp-json\/wp\/v2\/tags?post=12216"}],"curies":[{"name":"wp","href":"https:\/\/api.w.org\/{rel}","templated":true}]}}