{"id":12228,"date":"2019-10-24T05:03:00","date_gmt":"2019-10-24T08:03:00","guid":{"rendered":"http:\/\/progepe.ufpr.br\/portal\/?post_type=portarias&#038;p=12228"},"modified":"2023-08-03T13:16:33","modified_gmt":"2023-08-03T16:16:33","slug":"rt-2019-00952","status":"publish","type":"post","link":"https:\/\/progepe.ufpr.br\/portarias\/rt-2019-00952\/","title":{"rendered":"PORTARIA N\u00ba 00952\/REITORIA, DE 15 DE OUTUBRO DE 2019"},"content":{"rendered":"\n<p><strong>O Reitor da Universidade Federal do Paran\u00e1, <\/strong>no uso de suas atribui\u00e7\u00f5es considerando o que consta no artigo 9\u00ba, inciso II da Lei n\u00ba 8.112\/90 e tendo em vista o que consta no processo n\u00ba 23075.073971\/2019-19, <\/p>\n\n\n\n<p>RESOLVE: <\/p>\n\n\n\n<p>Alterar a Portaria n\u00ba 354\/REITORIA, de 14 de junho de 2018, publicada no\nDi\u00e1rio Oficial da Uni\u00e3o de&nbsp;18 de junho de 2018, se\u00e7\u00e3o 2, p\u00e1g. 29,\nreferente \u00e0 nomea\u00e7\u00e3o do servidor NAOTAKE FUKUSHIMA&nbsp;&#8211; 1227883, na fun\u00e7\u00e3o de\nCoordenador do Curso de Design Gr\u00e1fico, FCC \u2013 Fun\u00e7\u00e3o Comissionada de\nCoordena\u00e7\u00e3o de Curso, do Setor de Artes, Comunica\u00e7\u00e3o e Design, para fazer\nconstar que, a partir da data de publica\u00e7\u00e3o em DOU desta Portaria, a referida\nfun\u00e7\u00e3o&nbsp;passa a denominar-se Coordenador(a) de Curso de Gradua\u00e7\u00e3o do Setor\nde Artes, Comunica\u00e7\u00e3o e Design, FCC \u2013 Fun\u00e7\u00e3o Comissionada de Coordena\u00e7\u00e3o de Curso&nbsp;(&nbsp;Curso\nde Design Gr\u00e1fico).<\/p>\n\n\n\n<p style=\"text-align:right\"><strong>RICARDO MARCELO FONSECA<\/strong><\/p>\n","protected":false},"excerpt":{"rendered":"<p>O Reitor da Universidade Federal do Paran\u00e1, no uso de suas atribui\u00e7\u00f5es considerando o que consta no artigo 9\u00ba, inciso II da Lei n\u00ba 8.112\/90 e tendo em vista o que consta no processo n\u00ba 23075.073971\/2019-19, RESOLVE: Alterar a Portaria n\u00ba 354\/REITORIA, de 14 de junho de 2018, publicada no Di\u00e1rio Oficial da Uni\u00e3o de&nbsp;18 [&hellip;]<\/p>\n","protected":false},"author":50,"featured_media":0,"comment_status":"closed","ping_status":"closed","sticky":false,"template":"","format":"standard","meta":{"_acf_changed":false,"iawp_total_views":0,"footnotes":""},"categories":[117],"tags":[120],"class_list":["post-12228","post","type-post","status-publish","format-standard","hentry","category-rt","tag-funcao"],"acf":[],"_links":{"self":[{"href":"https:\/\/progepe.ufpr.br\/portarias\/wp-json\/wp\/v2\/posts\/12228","targetHints":{"allow":["GET"]}}],"collection":[{"href":"https:\/\/progepe.ufpr.br\/portarias\/wp-json\/wp\/v2\/posts"}],"about":[{"href":"https:\/\/progepe.ufpr.br\/portarias\/wp-json\/wp\/v2\/types\/post"}],"author":[{"embeddable":true,"href":"https:\/\/progepe.ufpr.br\/portarias\/wp-json\/wp\/v2\/users\/50"}],"replies":[{"embeddable":true,"href":"https:\/\/progepe.ufpr.br\/portarias\/wp-json\/wp\/v2\/comments?post=12228"}],"version-history":[{"count":1,"href":"https:\/\/progepe.ufpr.br\/portarias\/wp-json\/wp\/v2\/posts\/12228\/revisions"}],"predecessor-version":[{"id":190865,"href":"https:\/\/progepe.ufpr.br\/portarias\/wp-json\/wp\/v2\/posts\/12228\/revisions\/190865"}],"wp:attachment":[{"href":"https:\/\/progepe.ufpr.br\/portarias\/wp-json\/wp\/v2\/media?parent=12228"}],"wp:term":[{"taxonomy":"category","embeddable":true,"href":"https:\/\/progepe.ufpr.br\/portarias\/wp-json\/wp\/v2\/categories?post=12228"},{"taxonomy":"post_tag","embeddable":true,"href":"https:\/\/progepe.ufpr.br\/portarias\/wp-json\/wp\/v2\/tags?post=12228"}],"curies":[{"name":"wp","href":"https:\/\/api.w.org\/{rel}","templated":true}]}}