{"id":12369,"date":"2019-10-25T05:03:00","date_gmt":"2019-10-25T08:03:00","guid":{"rendered":"http:\/\/progepe.ufpr.br\/portal\/?post_type=portarias&#038;p=12369"},"modified":"2023-08-03T13:16:35","modified_gmt":"2023-08-03T16:16:35","slug":"rt-2019-01012","status":"publish","type":"post","link":"https:\/\/progepe.ufpr.br\/portarias\/rt-2019-01012\/","title":{"rendered":"PORTARIA N\u00ba 01012\/REITORIA, DE 23 DE OUTUBRO DE 2019"},"content":{"rendered":"\n<p><strong>O\u00a0Reitor da Universidade Federal do Paran\u00e1, <\/strong>no uso de suas atribui\u00e7\u00f5es e tendo em vista o que consta no processo n\u00ba 23075.075679\/2019-31, <\/p>\n\n\n\n<p>RESOLVE: <\/p>\n\n\n\n<p>Cessar os efeitos, a partir da data de publica\u00e7\u00e3o em DOU desta Portaria,\nda Portaria n\u00ba 333\/REITORIA, de 12 de abril de 2019, publicada no DOU de 16 de\nabril de 2019, se\u00e7\u00e3o 2, p\u00e1g. 35, que designou a servidora ANA MARIA GUIMAR\u00c3ES\nDA CRUZ &#8211; 1150285, como substituta eventual do servidor DOUGLAS ORTIZ\nHAMERMULLER &#8211; 1560611, no cargo de Pr\u00f3-Reitor de Gest\u00e3o de Pessoas, CD-02,\ndesta Universidade, tendo em vista o que consta no processo n\u00ba\n23075.051778\/2019-27.<\/p>\n\n\n\n<p style=\"text-align:right\"><strong>RICARDO MARCELO FONSECA<\/strong><\/p>\n","protected":false},"excerpt":{"rendered":"<p>O\u00a0Reitor da Universidade Federal do Paran\u00e1, no uso de suas atribui\u00e7\u00f5es e tendo em vista o que consta no processo n\u00ba 23075.075679\/2019-31, RESOLVE: Cessar os efeitos, a partir da data de publica\u00e7\u00e3o em DOU desta Portaria, da Portaria n\u00ba 333\/REITORIA, de 12 de abril de 2019, publicada no DOU de 16 de abril de 2019, [&hellip;]<\/p>\n","protected":false},"author":50,"featured_media":0,"comment_status":"closed","ping_status":"closed","sticky":false,"template":"","format":"standard","meta":{"_acf_changed":false,"iawp_total_views":0,"footnotes":""},"categories":[117],"tags":[120],"class_list":["post-12369","post","type-post","status-publish","format-standard","hentry","category-rt","tag-funcao"],"acf":[],"_links":{"self":[{"href":"https:\/\/progepe.ufpr.br\/portarias\/wp-json\/wp\/v2\/posts\/12369","targetHints":{"allow":["GET"]}}],"collection":[{"href":"https:\/\/progepe.ufpr.br\/portarias\/wp-json\/wp\/v2\/posts"}],"about":[{"href":"https:\/\/progepe.ufpr.br\/portarias\/wp-json\/wp\/v2\/types\/post"}],"author":[{"embeddable":true,"href":"https:\/\/progepe.ufpr.br\/portarias\/wp-json\/wp\/v2\/users\/50"}],"replies":[{"embeddable":true,"href":"https:\/\/progepe.ufpr.br\/portarias\/wp-json\/wp\/v2\/comments?post=12369"}],"version-history":[{"count":1,"href":"https:\/\/progepe.ufpr.br\/portarias\/wp-json\/wp\/v2\/posts\/12369\/revisions"}],"predecessor-version":[{"id":190885,"href":"https:\/\/progepe.ufpr.br\/portarias\/wp-json\/wp\/v2\/posts\/12369\/revisions\/190885"}],"wp:attachment":[{"href":"https:\/\/progepe.ufpr.br\/portarias\/wp-json\/wp\/v2\/media?parent=12369"}],"wp:term":[{"taxonomy":"category","embeddable":true,"href":"https:\/\/progepe.ufpr.br\/portarias\/wp-json\/wp\/v2\/categories?post=12369"},{"taxonomy":"post_tag","embeddable":true,"href":"https:\/\/progepe.ufpr.br\/portarias\/wp-json\/wp\/v2\/tags?post=12369"}],"curies":[{"name":"wp","href":"https:\/\/api.w.org\/{rel}","templated":true}]}}