{"id":12597,"date":"2019-10-24T10:16:00","date_gmt":"2019-10-24T13:16:00","guid":{"rendered":"http:\/\/progepe.ufpr.br\/portal\/?post_type=portarias&#038;p=12597"},"modified":"2023-08-03T12:50:43","modified_gmt":"2023-08-03T15:50:43","slug":"progepe-2019-04328","status":"publish","type":"post","link":"https:\/\/progepe.ufpr.br\/portarias\/progepe-2019-04328\/","title":{"rendered":"PORTARIA N\u00ba 04328\/PROGEPE, DE 24 DE OUTUBRO DE 2019"},"content":{"rendered":"\n<p><strong>O Pr\u00f3-Reitor de Gest\u00e3o de Pessoas da Universidade Federal do Paran\u00e1, <\/strong>no  uso de suas atribui\u00e7\u00f5es, tendo em vista a compet\u00eancia que lhe \u00e9  conferida pela Portaria n\u00ba 2.590, de 26 de setembro de 1997, de acordo  com o Art. 10, \u00a7 1\u00ba e 4\u00ba da Lei n\u00ba 11.091\/05; Art. 4\u00ba \u00a7 1\u00ba do Decreto n\u00ba  5.824\/06; Portaria MEC 09\/06; Portaria MEC 39\/11; Parecer MEC  50151\/2015\/DCC\/COLEP\/CGGP\/SAA; Portaria n\u00ba 18.908\/PROGEPE, de  16.08.2016; e, ainda o contido no processo n\u00ba 23075.051256\/2018-44, <\/p>\n\n\n\n<p>RESOLVE:<\/p>\n\n\n\n<p>I. Conceder progress\u00e3o por capacita\u00e7\u00e3o \nprofissional \u00e0 servidora SILMARA MARCIA BERNARDI \u2013 3016624, ocupante do \ncargo de Assistente em Administra\u00e7\u00e3o, lotada no Campus Toledo, do n\u00edvel \nD-01 para o D-02 padr\u00e3o de Vencimento 02, a partir de 05 de setembro de \n2019, conforme Parecer da Unidade de An\u00e1lise de T\u00edtulos (2160124), no \nprocesso n\u00ba 23075.051256\/2019-44.<\/p>\n\n\n\n<p>II. A citada servidora acumula para a pr\u00f3xima progress\u00e3o por capacita\u00e7\u00e3o 10 h (dez horas).<\/p>\n\n\n\n<p style=\"text-align:right\"><strong>DOUGLAS ORTIZ HAMERMULLER<\/strong><\/p>\n","protected":false},"excerpt":{"rendered":"<p>I. Conceder progress\u00e3o por capacita\u00e7\u00e3o profissional \u00e0 servidora SILMARA MARCIA BERNARDI \u2013 3016624, ocupante do cargo de Assistente em Administra\u00e7\u00e3o, lotada no Campus Toledo, do n\u00edvel D-01 para o D-02 padr\u00e3o de Vencimento 02, a partir de 05 de setembro de 2019, conforme Parecer da Unidade de An\u00e1lise de T\u00edtulos (2160124), no processo n\u00ba 23075.051256\/2019-44.  II. A citada servidora acumula para a pr\u00f3xima progress\u00e3o por capacita\u00e7\u00e3o 10 h (dez horas).  <!-- wp:paragraph {\"align\":\"right\"} \n\n<p style=\"text-align:right\"><strong>DOUGLAS ORTIZ HAMERMULLER<\/strong>\n<\/p>\n","protected":false},"author":48,"featured_media":0,"comment_status":"closed","ping_status":"closed","sticky":false,"template":"","format":"standard","meta":{"_acf_changed":false,"iawp_total_views":0,"footnotes":""},"categories":[116],"tags":[143],"class_list":["post-12597","post","type-post","status-publish","format-standard","hentry","category-progepe","tag-progressao-promocao"],"acf":[],"_links":{"self":[{"href":"https:\/\/progepe.ufpr.br\/portarias\/wp-json\/wp\/v2\/posts\/12597","targetHints":{"allow":["GET"]}}],"collection":[{"href":"https:\/\/progepe.ufpr.br\/portarias\/wp-json\/wp\/v2\/posts"}],"about":[{"href":"https:\/\/progepe.ufpr.br\/portarias\/wp-json\/wp\/v2\/types\/post"}],"author":[{"embeddable":true,"href":"https:\/\/progepe.ufpr.br\/portarias\/wp-json\/wp\/v2\/users\/48"}],"replies":[{"embeddable":true,"href":"https:\/\/progepe.ufpr.br\/portarias\/wp-json\/wp\/v2\/comments?post=12597"}],"version-history":[{"count":1,"href":"https:\/\/progepe.ufpr.br\/portarias\/wp-json\/wp\/v2\/posts\/12597\/revisions"}],"predecessor-version":[{"id":190913,"href":"https:\/\/progepe.ufpr.br\/portarias\/wp-json\/wp\/v2\/posts\/12597\/revisions\/190913"}],"wp:attachment":[{"href":"https:\/\/progepe.ufpr.br\/portarias\/wp-json\/wp\/v2\/media?parent=12597"}],"wp:term":[{"taxonomy":"category","embeddable":true,"href":"https:\/\/progepe.ufpr.br\/portarias\/wp-json\/wp\/v2\/categories?post=12597"},{"taxonomy":"post_tag","embeddable":true,"href":"https:\/\/progepe.ufpr.br\/portarias\/wp-json\/wp\/v2\/tags?post=12597"}],"curies":[{"name":"wp","href":"https:\/\/api.w.org\/{rel}","templated":true}]}}