{"id":12618,"date":"2019-10-24T10:19:00","date_gmt":"2019-10-24T13:19:00","guid":{"rendered":"http:\/\/progepe.ufpr.br\/portal\/?post_type=portarias&#038;p=12618"},"modified":"2023-08-03T12:50:43","modified_gmt":"2023-08-03T15:50:43","slug":"progepe-2019-04331","status":"publish","type":"post","link":"https:\/\/progepe.ufpr.br\/portarias\/progepe-2019-04331\/","title":{"rendered":"PORTARIA N\u00ba 04331\/PROGEPE, DE 24 DE OUTUBRO DE 2019"},"content":{"rendered":"\n<p><strong>O Pr\u00f3-Reitor de Gest\u00e3o de Pessoas da Universidade Federal do Paran\u00e1,<\/strong> no uso de suas atribui\u00e7\u00f5es, tendo em vista a compet\u00eancia que lhe \u00e9 conferida pela Portaria n\u00ba 2.590, de 26 de setembro de 1997 e considerando o que consta no processo n\u00ba 23075.075421\/2019-34, <\/p>\n\n\n\n<p>RESOLVE: <\/p>\n\n\n\n<p>Autorizar, no per\u00edodo de 29 de outubro de 2019 a 06 de dezembro de 2019,\na lota\u00e7\u00e3o tempor\u00e1ria da servidora SILOE PAWE BISPO ADRIANO &#8211; 3006093, ocupante\ndo cargo de Tradutora e Int\u00e9rprete de Linguagem de Sinais, na Se\u00e7\u00e3o de\nPol\u00edticas Afirmativas, Assuntos Estudantis e Comunit\u00e1rios da Coordena\u00e7\u00e3o\nAcad\u00eamica do Setor Litoral, em atendimento ao Parecer de For\u00e7a Execut\u00f3ria n\u00ba\n00027\/2019-SEGAP\/PFPR\/PGF\/AGU.<\/p>\n\n\n\n<p style=\"text-align:right\"><strong>DOUGLAS ORTIZ HAMERMULLER<\/strong><\/p>\n\n\n\n<p><\/p>\n","protected":false},"excerpt":{"rendered":"<p>O Pr\u00f3-Reitor de Gest\u00e3o de Pessoas da Universidade Federal do Paran\u00e1, no uso de suas atribui\u00e7\u00f5es, tendo em vista a compet\u00eancia que lhe \u00e9 conferida pela Portaria n\u00ba 2.590, de 26 de setembro de 1997 e considerando o que consta no processo n\u00ba 23075.075421\/2019-34, RESOLVE: Autorizar, no per\u00edodo de 29 de outubro de 2019 a [&hellip;]<\/p>\n","protected":false},"author":50,"featured_media":0,"comment_status":"closed","ping_status":"closed","sticky":false,"template":"","format":"standard","meta":{"_acf_changed":false,"iawp_total_views":0,"footnotes":""},"categories":[116],"tags":[146],"class_list":["post-12618","post","type-post","status-publish","format-standard","hentry","category-progepe","tag-localizacao"],"acf":[],"_links":{"self":[{"href":"https:\/\/progepe.ufpr.br\/portarias\/wp-json\/wp\/v2\/posts\/12618","targetHints":{"allow":["GET"]}}],"collection":[{"href":"https:\/\/progepe.ufpr.br\/portarias\/wp-json\/wp\/v2\/posts"}],"about":[{"href":"https:\/\/progepe.ufpr.br\/portarias\/wp-json\/wp\/v2\/types\/post"}],"author":[{"embeddable":true,"href":"https:\/\/progepe.ufpr.br\/portarias\/wp-json\/wp\/v2\/users\/50"}],"replies":[{"embeddable":true,"href":"https:\/\/progepe.ufpr.br\/portarias\/wp-json\/wp\/v2\/comments?post=12618"}],"version-history":[{"count":1,"href":"https:\/\/progepe.ufpr.br\/portarias\/wp-json\/wp\/v2\/posts\/12618\/revisions"}],"predecessor-version":[{"id":190916,"href":"https:\/\/progepe.ufpr.br\/portarias\/wp-json\/wp\/v2\/posts\/12618\/revisions\/190916"}],"wp:attachment":[{"href":"https:\/\/progepe.ufpr.br\/portarias\/wp-json\/wp\/v2\/media?parent=12618"}],"wp:term":[{"taxonomy":"category","embeddable":true,"href":"https:\/\/progepe.ufpr.br\/portarias\/wp-json\/wp\/v2\/categories?post=12618"},{"taxonomy":"post_tag","embeddable":true,"href":"https:\/\/progepe.ufpr.br\/portarias\/wp-json\/wp\/v2\/tags?post=12618"}],"curies":[{"name":"wp","href":"https:\/\/api.w.org\/{rel}","templated":true}]}}