{"id":12879,"date":"2019-10-31T05:02:00","date_gmt":"2019-10-31T08:02:00","guid":{"rendered":"http:\/\/progepe.ufpr.br\/portal\/?post_type=portarias&#038;p=12879"},"modified":"2023-08-03T13:16:38","modified_gmt":"2023-08-03T16:16:38","slug":"rt-2019-01025","status":"publish","type":"post","link":"https:\/\/progepe.ufpr.br\/portarias\/rt-2019-01025\/","title":{"rendered":"PORTARIA N\u00ba 01025\/REITORIA, DE 25 DE OUTUBRO DE 2019"},"content":{"rendered":"\n<p><strong>O Reitor da Universidade Federal do Paran\u00e1, <\/strong>no uso de suas atribui\u00e7\u00f5es e tendo em vista o que consta no processo n\u00ba 23075.065091\/2019-79, <\/p>\n\n\n\n<p>RESOLVE: <\/p>\n\n\n\n<p>Designar o servidor ANGELO EVARISTO SIRTOLI &#8211; 2236098, ocupante do cargo\nde Professor do Magist\u00e9rio Superior, lotado no Departamento de Solos e\nEngenharia Agr\u00edcola do Setor de Ci\u00eancias Agr\u00e1rias, para integrar a comiss\u00e3o\nespecial que trata das avalia\u00e7\u00f5es para a Classe de Professor Associado e\nTitular, institu\u00edda pela Portaria n\u00ba 708\/REITORIA, de 27 de agosto de 2019.<\/p>\n\n\n\n<p style=\"text-align:right\"><strong>RICARDO MARCELO FONSECA<\/strong><\/p>\n","protected":false},"excerpt":{"rendered":"<p>O Reitor da Universidade Federal do Paran\u00e1, no uso de suas atribui\u00e7\u00f5es e tendo em vista o que consta no processo n\u00ba 23075.065091\/2019-79, RESOLVE: Designar o servidor ANGELO EVARISTO SIRTOLI &#8211; 2236098, ocupante do cargo de Professor do Magist\u00e9rio Superior, lotado no Departamento de Solos e Engenharia Agr\u00edcola do Setor de Ci\u00eancias Agr\u00e1rias, para integrar [&hellip;]<\/p>\n","protected":false},"author":50,"featured_media":0,"comment_status":"closed","ping_status":"closed","sticky":false,"template":"","format":"standard","meta":{"_acf_changed":false,"iawp_total_views":0,"footnotes":""},"categories":[117],"tags":[124],"class_list":["post-12879","post","type-post","status-publish","format-standard","hentry","category-rt","tag-comissao"],"acf":[],"_links":{"self":[{"href":"https:\/\/progepe.ufpr.br\/portarias\/wp-json\/wp\/v2\/posts\/12879","targetHints":{"allow":["GET"]}}],"collection":[{"href":"https:\/\/progepe.ufpr.br\/portarias\/wp-json\/wp\/v2\/posts"}],"about":[{"href":"https:\/\/progepe.ufpr.br\/portarias\/wp-json\/wp\/v2\/types\/post"}],"author":[{"embeddable":true,"href":"https:\/\/progepe.ufpr.br\/portarias\/wp-json\/wp\/v2\/users\/50"}],"replies":[{"embeddable":true,"href":"https:\/\/progepe.ufpr.br\/portarias\/wp-json\/wp\/v2\/comments?post=12879"}],"version-history":[{"count":1,"href":"https:\/\/progepe.ufpr.br\/portarias\/wp-json\/wp\/v2\/posts\/12879\/revisions"}],"predecessor-version":[{"id":190944,"href":"https:\/\/progepe.ufpr.br\/portarias\/wp-json\/wp\/v2\/posts\/12879\/revisions\/190944"}],"wp:attachment":[{"href":"https:\/\/progepe.ufpr.br\/portarias\/wp-json\/wp\/v2\/media?parent=12879"}],"wp:term":[{"taxonomy":"category","embeddable":true,"href":"https:\/\/progepe.ufpr.br\/portarias\/wp-json\/wp\/v2\/categories?post=12879"},{"taxonomy":"post_tag","embeddable":true,"href":"https:\/\/progepe.ufpr.br\/portarias\/wp-json\/wp\/v2\/tags?post=12879"}],"curies":[{"name":"wp","href":"https:\/\/api.w.org\/{rel}","templated":true}]}}