{"id":12900,"date":"2019-10-30T20:00:00","date_gmt":"2019-10-30T23:00:00","guid":{"rendered":"http:\/\/progepe.ufpr.br\/portal\/?post_type=portarias&#038;p=12900"},"modified":"2023-09-22T17:16:18","modified_gmt":"2023-09-22T20:16:18","slug":"dd-2019-00549","status":"publish","type":"post","link":"https:\/\/progepe.ufpr.br\/portarias\/dd-2019-00549\/","title":{"rendered":"PORTARIA N\u00ba 00549\/DD, DE 30 DE OUTUBRO DE 2019"},"content":{"rendered":"\n<p><strong>O Diretor Disciplinar da\nUniversidade Federal do Paran\u00e1, <\/strong>no uso de suas atribui\u00e7\u00f5es, tendo em\nvista a compet\u00eancia que lhe \u00e9 conferida pela Portaria n\u00ba 593\/REITORIA, de 28 de\nagosto de 2017, o disposto nos artigos 191 e 192 do Regimento Geral da\nUniversidade Federal do Paran\u00e1, combinado com o artigo 147 da Lei n\u00ba 8.112, de\n11 de dezembro de 1990, e o que consta no Processo 23075.041626\/2019-16,<\/p>\n\n\n\n<p>RESOLVE:<\/p>\n\n\n\n<p>Designar a servidora M\u00d4NICA MELLO DE MACEDO IGN\u00c1CIO \u2014 2487246, Professora do Magist\u00e9rio Superior, lotada no Departamento de Terapia Ocupacional do Setor de Ci\u00eancias da Sa\u00fade; o servidor JEAN CARLOS DE OLIVEIRA \u2014 2401408, Auxiliar em Administra\u00e7\u00e3o, lotado na Se\u00e7\u00e3o de Comiss\u00e3o Disciplinares da Diretoria Disciplinar; e a aluna ANDRESSA REGINA BISSOLOTTI DOS SANTOS \u2014 \u275a\u275a\u275a.\u275a\u275a\u275a.\u275a\u275a\u275a-\u275a\u275a, estudante do Curso de Doutorado do Programa de P\u00f3s-Gradua\u00e7\u00e3o em Direito do Setor de Ci\u00eancias Jur\u00eddicas, para, sob a presid\u00eancia da primeira, constitu\u00edrem Comiss\u00e3o Disciplinar com vistas a dar continuidade, no prazo de 30 (trinta) dias, aos trabalhos de apura\u00e7\u00e3o dos fatos de que trata o Processo 23075.041626\/2019-16, bem como proceder ao exame dos atos e fatos conexos que emergirem no decorrer dos trabalhos.<\/p>\n","protected":false},"excerpt":{"rendered":"<p>Designar a servidora M\u00d4NICA MELLO DE MACEDO IGN\u00c1CIO \u2014 2487246, Professora do Magist\u00e9rio Superior, lotada no Departamento de Terapia Ocupacional do Setor de Ci\u00eancias da Sa\u00fade; o servidor JEAN CARLOS DE OLIVEIRA \u2014 2401408, Auxiliar em Administra\u00e7\u00e3o, lotado na Se\u00e7\u00e3o de Comiss\u00e3o Disciplinares da Diretoria Disciplinar; e a aluna ANDRESSA REGINA BISSOLOTTI DOS SANTOS \u2014 \u275a\u275a\u275a.\u275a\u275a\u275a.\u275a\u275a\u275a-\u275a\u275a, estudante do Curso de Doutorado do Programa de P\u00f3s-Gradua\u00e7\u00e3o em Direito do Setor de Ci\u00eancias Jur\u00eddicas, para, sob a presid\u00eancia da primeira, constitu\u00edrem Comiss\u00e3o Disciplinar com vistas a dar continuidade, no prazo de 30 (trinta) dias, aos trabalhos de apura\u00e7\u00e3o dos fatos<\/p>\n","protected":false},"author":15,"featured_media":0,"comment_status":"closed","ping_status":"closed","sticky":false,"template":"","format":"standard","meta":{"_acf_changed":false,"iawp_total_views":0,"footnotes":""},"categories":[118],"tags":[132],"class_list":["post-12900","post","type-post","status-publish","format-standard","hentry","category-dd","tag-pad-sindicancia"],"acf":[],"_links":{"self":[{"href":"https:\/\/progepe.ufpr.br\/portarias\/wp-json\/wp\/v2\/posts\/12900","targetHints":{"allow":["GET"]}}],"collection":[{"href":"https:\/\/progepe.ufpr.br\/portarias\/wp-json\/wp\/v2\/posts"}],"about":[{"href":"https:\/\/progepe.ufpr.br\/portarias\/wp-json\/wp\/v2\/types\/post"}],"author":[{"embeddable":true,"href":"https:\/\/progepe.ufpr.br\/portarias\/wp-json\/wp\/v2\/users\/15"}],"replies":[{"embeddable":true,"href":"https:\/\/progepe.ufpr.br\/portarias\/wp-json\/wp\/v2\/comments?post=12900"}],"version-history":[{"count":3,"href":"https:\/\/progepe.ufpr.br\/portarias\/wp-json\/wp\/v2\/posts\/12900\/revisions"}],"predecessor-version":[{"id":252008,"href":"https:\/\/progepe.ufpr.br\/portarias\/wp-json\/wp\/v2\/posts\/12900\/revisions\/252008"}],"wp:attachment":[{"href":"https:\/\/progepe.ufpr.br\/portarias\/wp-json\/wp\/v2\/media?parent=12900"}],"wp:term":[{"taxonomy":"category","embeddable":true,"href":"https:\/\/progepe.ufpr.br\/portarias\/wp-json\/wp\/v2\/categories?post=12900"},{"taxonomy":"post_tag","embeddable":true,"href":"https:\/\/progepe.ufpr.br\/portarias\/wp-json\/wp\/v2\/tags?post=12900"}],"curies":[{"name":"wp","href":"https:\/\/api.w.org\/{rel}","templated":true}]}}