{"id":13278,"date":"2019-10-30T10:48:00","date_gmt":"2019-10-30T13:48:00","guid":{"rendered":"http:\/\/progepe.ufpr.br\/portal\/?post_type=portarias&#038;p=13278"},"modified":"2023-08-03T12:50:55","modified_gmt":"2023-08-03T15:50:55","slug":"progepe-2019-04428","status":"publish","type":"post","link":"https:\/\/progepe.ufpr.br\/portarias\/progepe-2019-04428\/","title":{"rendered":"PORTARIA N\u00ba 04428\/PROGEPE, DE 30 DE OUTUBRO DE 2019"},"content":{"rendered":"\n<p><strong>O Pr\u00f3-Reitor de Gest\u00e3o de Pessoas da Universidade Federal do Paran\u00e1,<\/strong>  no uso de suas atribui\u00e7\u00f5es, tendo em vista a compet\u00eancia que lhe \u00e9  conferida pela Portaria n\u00ba 2.590, de 26 de setembro de 1997; o que  consta no Art. 100 e 103 da Lei n\u00ba 8.112\/90 e ainda o contido no  processo n\u00ba 23075.065348\/2019-92, <\/p>\n\n\n\n<p>RESOLVE:<\/p>\n\n\n\n<p>Averbar, a partir de 11 de setembro de \n2019, em favor do servidor LUIZ CARLOS BINSFELD &#8211; 1282067, ocupante do \ncargo de T\u00e9cnico de Laborat\u00f3rio \u00c1rea, lotado na Divis\u00e3o de Reprodu\u00e7\u00e3o \nAnimal do Setor Palotina, o tempo de servi\u00e7o abaixo listado, para fins \nde:<\/p>\n\n\n\n<p>Aposentadoria e disponibilidade:<\/p>\n\n\n\n<table class=\"wp-block-table\"><tbody><tr><td>\n\t\t\tEMPRESA\n\t\t\t<\/td><td>\n\t\t\tPER\u00cdODO\n\t\t\t<\/td><td>\n\t\t\tTOTAL DE DIAS\n\t\t\t<\/td><\/tr><tr><td>\n\t\t\tC VALE -COOPERATIVA AGROINDUSTRIAL\n\t\t\t<\/td><td>\n\t\t\t17\/09\/1977 a 30\/06\/1981\n\t\t\t<\/td><td>\n\t\t\t1383\n\t\t\t<\/td><\/tr><tr><td>\n\t\t\tCONSTRUTORA ITAPARA LTDA\n\t\t\t<\/td><td>\n\t\t\t01\/03\/1985 a 15\/03\/1985\n\t\t\t<\/td><td>\n\t\t\t15\n\t\t\t<\/td><\/tr><tr><td>\n\t\t\tCARLETTO CONSTRU\u00c7\u00c3O CIVIL LTDA\n\t\t\t<\/td><td>\n\t\t\t01\/08\/1989 a 30\/03\/1990\n\t\t\t<\/td><td>\n\t\t\t242\n\t\t\t<\/td><\/tr><tr><td>\n\t\t\tSUPERMERCADO TRENTO LTDA\n\t\t\t<\/td><td>\n\t\t\t02\/01\/1991 a 30\/06\/1992\n\t\t\t<\/td><td>\n\t\t\t546<\/td><\/tr><\/tbody><\/table>\n\n\n\n<p style=\"text-align:right\"><strong>DOUGLAS ORTIZ HAMERMULLER<\/strong><\/p>\n","protected":false},"excerpt":{"rendered":"<p>Averbar, a partir de 11 de setembro de 2019, em favor do servidor LUIZ CARLOS BINSFELD &#8211; 1282067, ocupante do cargo de T\u00e9cnico de Laborat\u00f3rio \u00c1rea, lotado na Divis\u00e3o de Reprodu\u00e7\u00e3o Animal do Setor Palotina, o tempo de servi\u00e7o abaixo listado, para fins de:  Aposentadoria e disponibilidade:  <!-- wp:table \n\n<table class=\"wp-block-table\">\n\n<tbody>\n\n<tr>\n\n<td>  EMPRESA  <\/td>\n\n\n\n<td>  PER\u00cdODO  <\/td>\n\n\n\n<td>  TOTAL DE DIAS  <\/td>\n\n<\/tr>\n\n\n\n<tr>\n\n<td>  C VALE -COOPERATIVA AGROINDUSTRIAL  <\/td>\n\n\n\n<td>  17\/09\/1977 a 30\/06\/1981  <\/td>\n\n\n\n<td>  1383  <\/td>\n\n<\/tr>\n\n\n\n<tr>\n\n<td>  CONSTRUTORA ITAPARA LTDA  <\/td>\n\n\n\n<td>  01\/03\/1985 a 15\/03\/1985  <\/td>\n\n\n\n<td>  15\n<\/p>\n","protected":false},"author":48,"featured_media":0,"comment_status":"closed","ping_status":"closed","sticky":false,"template":"","format":"standard","meta":{"_acf_changed":false,"iawp_total_views":0,"footnotes":""},"categories":[116],"tags":[140],"class_list":["post-13278","post","type-post","status-publish","format-standard","hentry","category-progepe","tag-averbacao-desaverbacao"],"acf":[],"_links":{"self":[{"href":"https:\/\/progepe.ufpr.br\/portarias\/wp-json\/wp\/v2\/posts\/13278","targetHints":{"allow":["GET"]}}],"collection":[{"href":"https:\/\/progepe.ufpr.br\/portarias\/wp-json\/wp\/v2\/posts"}],"about":[{"href":"https:\/\/progepe.ufpr.br\/portarias\/wp-json\/wp\/v2\/types\/post"}],"author":[{"embeddable":true,"href":"https:\/\/progepe.ufpr.br\/portarias\/wp-json\/wp\/v2\/users\/48"}],"replies":[{"embeddable":true,"href":"https:\/\/progepe.ufpr.br\/portarias\/wp-json\/wp\/v2\/comments?post=13278"}],"version-history":[{"count":1,"href":"https:\/\/progepe.ufpr.br\/portarias\/wp-json\/wp\/v2\/posts\/13278\/revisions"}],"predecessor-version":[{"id":190983,"href":"https:\/\/progepe.ufpr.br\/portarias\/wp-json\/wp\/v2\/posts\/13278\/revisions\/190983"}],"wp:attachment":[{"href":"https:\/\/progepe.ufpr.br\/portarias\/wp-json\/wp\/v2\/media?parent=13278"}],"wp:term":[{"taxonomy":"category","embeddable":true,"href":"https:\/\/progepe.ufpr.br\/portarias\/wp-json\/wp\/v2\/categories?post=13278"},{"taxonomy":"post_tag","embeddable":true,"href":"https:\/\/progepe.ufpr.br\/portarias\/wp-json\/wp\/v2\/tags?post=13278"}],"curies":[{"name":"wp","href":"https:\/\/api.w.org\/{rel}","templated":true}]}}