{"id":13287,"date":"2019-10-30T10:47:00","date_gmt":"2019-10-30T13:47:00","guid":{"rendered":"http:\/\/progepe.ufpr.br\/portal\/?post_type=portarias&#038;p=13287"},"modified":"2023-08-03T12:50:55","modified_gmt":"2023-08-03T15:50:55","slug":"progepe-2019-04427","status":"publish","type":"post","link":"https:\/\/progepe.ufpr.br\/portarias\/progepe-2019-04427\/","title":{"rendered":"PORTARIA N\u00ba 04427\/PROGEPE, DE 30 DE OUTUBRO DE 2019"},"content":{"rendered":"\n<p><strong>O Pr\u00f3-Reitor de Gest\u00e3o de Pessoas da Universidade Federal do Paran\u00e1,<\/strong>  no uso de suas atribui\u00e7\u00f5es, tendo em vista a compet\u00eancia que lhe \u00e9  conferida pela Portaria n\u00ba 2.590, de 26 de setembro de 1997; o que  consta no Art. 100 e 103 da Lei n\u00ba 8.112\/90 e ainda o contido no  processo n\u00ba 23075.075879\/2019-93, <\/p>\n\n\n\n<p>RESOLVE:<\/p>\n\n\n\n<p>Averbar, a partir de 18 de outubro de 2019,\n em favor da servidora IZABELLA CASTILHOS RIBEIRO DOS SANTOS WEISS &#8211; \n1307863, ocupante do cargo de Professor do Magist\u00e9rio Superior, lotada \nno Departamento de An\u00e1lises Cl\u00ednicas do Setor de Ci\u00eancias da Sa\u00fade, o \ntempo de servi\u00e7o abaixo listado, para fins de:<\/p>\n\n\n\n<p>Aposentadoria e disponibilidade:<\/p>\n\n\n\n<table class=\"wp-block-table\"><tbody><tr><td>\n\t\t\tEMPRESA\n\t\t\t<\/td><td>\n\t\t\tPER\u00cdODO\n\t\t\t<\/td><td>\n\t\t\tTOTAL DE DIAS\n\t\t\t<\/td><\/tr><tr><td>\n\t\t\tINKAFARMA COMERCIO FARMACEUTICO S.A.\n\t\t\t<\/td><td>\n\t\t\t18\/10\/2004 a 19\/03\/2005\n\t\t\t<\/td><td>\n\t\t\t153\n\t\t\t<\/td><\/tr><tr><td>\n\t\t\tUNIVERSIDADE FEDERAL DO PARANA\n\t\t\t<\/td><td>\n\t\t\t02\/05\/2016 a 21\/02\/2018\n\t\t\t<\/td><td>\n\t\t\t660<\/td><\/tr><\/tbody><\/table>\n\n\n\n<p style=\"text-align:right\"><strong>DOUGLAS ORTIZ HAMERMULLER<\/strong><\/p>\n","protected":false},"excerpt":{"rendered":"<p>Averbar, a partir de 18 de outubro de 2019, em favor da servidora IZABELLA CASTILHOS RIBEIRO DOS SANTOS WEISS &#8211; 1307863, ocupante do cargo de Professor do Magist\u00e9rio Superior, lotada no Departamento de An\u00e1lises Cl\u00ednicas do Setor de Ci\u00eancias da Sa\u00fade, o tempo de servi\u00e7o abaixo listado, para fins de:  Aposentadoria e disponibilidade:  <!-- wp:table \n\n<table class=\"wp-block-table\">\n\n<tbody>\n\n<tr>\n\n<td>  EMPRESA  <\/td>\n\n\n\n<td>  PER\u00cdODO  <\/td>\n\n\n\n<td>  TOTAL DE DIAS  <\/td>\n\n<\/tr>\n\n\n\n<tr>\n\n<td>  INKAFARMA COMERCIO FARMACEUTICO S.A.  <\/td>\n\n\n\n<td>  18\/10\/2004 a 19\/03\/2005  <\/td>\n\n\n\n<td>  153  <\/td>\n\n<\/tr>\n\n\n\n<tr>\n\n<td>  UNIVERSIDADE FEDERAL DO PARANA  <\/td>\n\n\n\n<td>\n<\/p>\n","protected":false},"author":48,"featured_media":0,"comment_status":"closed","ping_status":"closed","sticky":false,"template":"","format":"standard","meta":{"_acf_changed":false,"iawp_total_views":0,"footnotes":""},"categories":[116],"tags":[140],"class_list":["post-13287","post","type-post","status-publish","format-standard","hentry","category-progepe","tag-averbacao-desaverbacao"],"acf":[],"_links":{"self":[{"href":"https:\/\/progepe.ufpr.br\/portarias\/wp-json\/wp\/v2\/posts\/13287","targetHints":{"allow":["GET"]}}],"collection":[{"href":"https:\/\/progepe.ufpr.br\/portarias\/wp-json\/wp\/v2\/posts"}],"about":[{"href":"https:\/\/progepe.ufpr.br\/portarias\/wp-json\/wp\/v2\/types\/post"}],"author":[{"embeddable":true,"href":"https:\/\/progepe.ufpr.br\/portarias\/wp-json\/wp\/v2\/users\/48"}],"replies":[{"embeddable":true,"href":"https:\/\/progepe.ufpr.br\/portarias\/wp-json\/wp\/v2\/comments?post=13287"}],"version-history":[{"count":1,"href":"https:\/\/progepe.ufpr.br\/portarias\/wp-json\/wp\/v2\/posts\/13287\/revisions"}],"predecessor-version":[{"id":190984,"href":"https:\/\/progepe.ufpr.br\/portarias\/wp-json\/wp\/v2\/posts\/13287\/revisions\/190984"}],"wp:attachment":[{"href":"https:\/\/progepe.ufpr.br\/portarias\/wp-json\/wp\/v2\/media?parent=13287"}],"wp:term":[{"taxonomy":"category","embeddable":true,"href":"https:\/\/progepe.ufpr.br\/portarias\/wp-json\/wp\/v2\/categories?post=13287"},{"taxonomy":"post_tag","embeddable":true,"href":"https:\/\/progepe.ufpr.br\/portarias\/wp-json\/wp\/v2\/tags?post=13287"}],"curies":[{"name":"wp","href":"https:\/\/api.w.org\/{rel}","templated":true}]}}