{"id":13296,"date":"2019-10-30T10:46:00","date_gmt":"2019-10-30T13:46:00","guid":{"rendered":"http:\/\/progepe.ufpr.br\/portal\/?post_type=portarias&#038;p=13296"},"modified":"2023-08-03T12:50:55","modified_gmt":"2023-08-03T15:50:55","slug":"progepe-2019-04426","status":"publish","type":"post","link":"https:\/\/progepe.ufpr.br\/portarias\/progepe-2019-04426\/","title":{"rendered":"PORTARIA N\u00ba 04426\/PROGEPE, DE 30 DE OUTUBRO DE 2019"},"content":{"rendered":"\n<p><strong>O Pr\u00f3-Reitor de Gest\u00e3o de Pessoas da Universidade Federal do Paran\u00e1,<\/strong>  no uso de suas atribui\u00e7\u00f5es, tendo em vista a compet\u00eancia que lhe \u00e9  conferida pela Portaria n\u00ba 2.590, de 26 de setembro de 1997; o que  consta no Art. 100 e 103 da Lei n\u00ba 8.112\/90 e ainda o contido no  processo n\u00ba 23075.076157\/2019-56, <\/p>\n\n\n\n<p>RESOLVE:<\/p>\n\n\n\n<p>Averbar, a partir de 21 de outubro de 2019,\n em favor do servidor ISMAEL GONCALVES &#8211; 342799, ocupante do cargo de \nAssistente em Administra\u00e7\u00e3o, lotado no Centro de L\u00ednguas do Setor&nbsp;de \nCi\u00eancias Humanas, o tempo de servi\u00e7o abaixo listado, para fins de:<\/p>\n\n\n\n<p>Aposentadoria e disponibilidade:<\/p>\n\n\n\n<table class=\"wp-block-table\"><tbody><tr><td>\n\t\t\tEMPRESA\n\t\t\t<\/td><td>\n\t\t\tPER\u00cdODO\n\t\t\t<\/td><td>\n\t\t\tTOTAL DE DIAS\n\t\t\t<\/td><\/tr><tr><td>\n\t\t\tMETALURGICA LIDER LTDA\n\t\t\t<\/td><td>\n\t\t\t15\/12\/1980 a 25\/02\/1983\n\t\t\t<\/td><td>\n\t\t\t803\n\t\t\t<\/td><\/tr><tr><td>\n\t\t\tMAGNA ENGENHARIA LTDA\n\t\t\t<\/td><td>\n\t\t\t21\/03\/1983 a 30\/08\/1984\n\t\t\t<\/td><td>\n\t\t\t529\n\t\t\t<\/td><\/tr><tr><td>\n\t\t\tASSOCIACAO PARANAENSE DE CULTURA &#8211; APC\n\t\t\t<\/td><td>\n\t\t\t01\/09\/1984 a 30\/07\/1985\n\t\t\t<\/td><td>\n\t\t\t333\n\t\t\t<\/td><\/tr><tr><td>\n\t\t\tMAGNA ENGENHARIA LTDA\n\t\t\t<\/td><td>\n\t\t\t01\/08\/1985 a 30\/10\/1986\n\t\t\t<\/td><td>\n\t\t\t456\n\t\t\t<\/td><\/tr><tr><td>\n\t\t\tMETALKRAFT S\/A SISTEMAS AUTOMOTIVOS\n\t\t\t<\/td><td>\n\t\t\t17\/05\/1988 a 12\/07\/1988\n\t\t\t<\/td><td>\n\t\t\t57\n\t\t\t<\/td><\/tr><tr><td>\n\t\t\tOFICINA MECANICA TICO LTDA\n\t\t\t<\/td><td>\n\t\t\t01\/09\/1988 a 13\/12\/1988\n\t\t\t<\/td><td>\n\t\t\t104<\/td><\/tr><\/tbody><\/table>\n\n\n\n<p style=\"text-align:right\"><strong>DOUGLAS ORTIZ HAMERMULLER<\/strong><\/p>\n","protected":false},"excerpt":{"rendered":"<p>Averbar, a partir de 21 de outubro de 2019, em favor do servidor ISMAEL GONCALVES &#8211; 342799, ocupante do cargo de Assistente em Administra\u00e7\u00e3o, lotado no Centro de L\u00ednguas do Setor&nbsp;de Ci\u00eancias Humanas, o tempo de servi\u00e7o abaixo listado, para fins de:  Aposentadoria e disponibilidade:  <!-- wp:table \n\n<table class=\"wp-block-table\">\n\n<tbody>\n\n<tr>\n\n<td>  EMPRESA  <\/td>\n\n\n\n<td>  PER\u00cdODO  <\/td>\n\n\n\n<td>  TOTAL DE DIAS  <\/td>\n\n<\/tr>\n\n\n\n<tr>\n\n<td>  METALURGICA LIDER LTDA  <\/td>\n\n\n\n<td>  15\/12\/1980 a 25\/02\/1983  <\/td>\n\n\n\n<td>  803  <\/td>\n\n<\/tr>\n\n\n\n<tr>\n\n<td>  MAGNA ENGENHARIA LTDA  <\/td>\n\n\n\n<td>  21\/03\/1983 a 30\/08\/1984  <\/td>\n\n\n\n<td>  529  <\/td>\n\n<\/tr>\n\n\n\n<tr>\n\n<td>\n<\/p>\n","protected":false},"author":48,"featured_media":0,"comment_status":"closed","ping_status":"closed","sticky":false,"template":"","format":"standard","meta":{"_acf_changed":false,"iawp_total_views":0,"footnotes":""},"categories":[116],"tags":[140],"class_list":["post-13296","post","type-post","status-publish","format-standard","hentry","category-progepe","tag-averbacao-desaverbacao"],"acf":[],"_links":{"self":[{"href":"https:\/\/progepe.ufpr.br\/portarias\/wp-json\/wp\/v2\/posts\/13296","targetHints":{"allow":["GET"]}}],"collection":[{"href":"https:\/\/progepe.ufpr.br\/portarias\/wp-json\/wp\/v2\/posts"}],"about":[{"href":"https:\/\/progepe.ufpr.br\/portarias\/wp-json\/wp\/v2\/types\/post"}],"author":[{"embeddable":true,"href":"https:\/\/progepe.ufpr.br\/portarias\/wp-json\/wp\/v2\/users\/48"}],"replies":[{"embeddable":true,"href":"https:\/\/progepe.ufpr.br\/portarias\/wp-json\/wp\/v2\/comments?post=13296"}],"version-history":[{"count":1,"href":"https:\/\/progepe.ufpr.br\/portarias\/wp-json\/wp\/v2\/posts\/13296\/revisions"}],"predecessor-version":[{"id":190985,"href":"https:\/\/progepe.ufpr.br\/portarias\/wp-json\/wp\/v2\/posts\/13296\/revisions\/190985"}],"wp:attachment":[{"href":"https:\/\/progepe.ufpr.br\/portarias\/wp-json\/wp\/v2\/media?parent=13296"}],"wp:term":[{"taxonomy":"category","embeddable":true,"href":"https:\/\/progepe.ufpr.br\/portarias\/wp-json\/wp\/v2\/categories?post=13296"},{"taxonomy":"post_tag","embeddable":true,"href":"https:\/\/progepe.ufpr.br\/portarias\/wp-json\/wp\/v2\/tags?post=13296"}],"curies":[{"name":"wp","href":"https:\/\/api.w.org\/{rel}","templated":true}]}}