{"id":14013,"date":"2019-10-31T10:07:00","date_gmt":"2019-10-31T13:07:00","guid":{"rendered":"http:\/\/progepe.ufpr.br\/portal\/?post_type=portarias&#038;p=14013"},"modified":"2023-08-03T12:50:56","modified_gmt":"2023-08-03T15:50:56","slug":"progepe-2019-04436","status":"publish","type":"post","link":"https:\/\/progepe.ufpr.br\/portarias\/progepe-2019-04436\/","title":{"rendered":"PORTARIA N\u00ba 04436\/PROGEPE, DE 31 DE OUTUBRO DE 2019"},"content":{"rendered":"\n<p><strong>O Pr\u00f3-Reitor de Gest\u00e3o de Pessoas da Universidade Federal do Paran\u00e1,<\/strong>  no uso de suas atribui\u00e7\u00f5es, tendo em vista a compet\u00eancia que lhe \u00e9  conferida pela Portaria n\u00ba 2.590, de 26 de setembro de 1997 e  considerando o que consta no processo n\u00ba 23075.041069\/1997-11, <\/p>\n\n\n\n<p>RESOLVE:<\/p>\n\n\n\n<p> Alterar a Portaria n\u00ba 12.612\/PRHAE, de 16.10.1997, publicada no DOU de  23.10.1997, para constar que a aposentadoria de ELISABETE ALVES &#8211;  340366, a partir de 30.08.2019, data do diagn\u00f3stico conforme atesta o  laudo m\u00e9dico n\u00ba 0.189.175\/2019\/SIASS e de acordo com art. 190 da Lei n\u00ba  8.112\/90, com a nova reda\u00e7\u00e3o dada pela Medida Provis\u00f3ria n\u00ba 441\/08,  convertida na Lei n\u00ba 11.907\/09, passa a ser com proventos integrais. <\/p>\n\n\n\n<p style=\"text-align:right\"><strong>DOUGLAS ORTIZ HAMERMULLER<\/strong><\/p>\n","protected":false},"excerpt":{"rendered":"<p>Alterar a Portaria n\u00ba 12.612\/PRHAE, de 16.10.1997, publicada no DOU de 23.10.1997, para constar que a aposentadoria de ELISABETE ALVES &#8211; 340366, a partir de 30.08.2019, data do diagn\u00f3stico conforme atesta o laudo m\u00e9dico n\u00ba 0.189.175\/2019\/SIASS e de acordo com art. 190 da Lei n\u00ba 8.112\/90, com a nova reda\u00e7\u00e3o dada pela Medida Provis\u00f3ria n\u00ba 441\/08, convertida na Lei n\u00ba 11.907\/09, passa a ser com proventos integrais.  <!-- wp:paragraph {\"align\":\"right\"} \n\n<p style=\"text-align:right\"><strong>DOUGLAS ORTIZ HAMERMULLER<\/strong>\n<\/p>\n","protected":false},"author":48,"featured_media":0,"comment_status":"closed","ping_status":"closed","sticky":false,"template":"","format":"standard","meta":{"_acf_changed":false,"iawp_total_views":0,"footnotes":""},"categories":[116],"tags":[125],"class_list":["post-14013","post","type-post","status-publish","format-standard","hentry","category-progepe","tag-aposentadoria"],"acf":[],"_links":{"self":[{"href":"https:\/\/progepe.ufpr.br\/portarias\/wp-json\/wp\/v2\/posts\/14013","targetHints":{"allow":["GET"]}}],"collection":[{"href":"https:\/\/progepe.ufpr.br\/portarias\/wp-json\/wp\/v2\/posts"}],"about":[{"href":"https:\/\/progepe.ufpr.br\/portarias\/wp-json\/wp\/v2\/types\/post"}],"author":[{"embeddable":true,"href":"https:\/\/progepe.ufpr.br\/portarias\/wp-json\/wp\/v2\/users\/48"}],"replies":[{"embeddable":true,"href":"https:\/\/progepe.ufpr.br\/portarias\/wp-json\/wp\/v2\/comments?post=14013"}],"version-history":[{"count":1,"href":"https:\/\/progepe.ufpr.br\/portarias\/wp-json\/wp\/v2\/posts\/14013\/revisions"}],"predecessor-version":[{"id":191052,"href":"https:\/\/progepe.ufpr.br\/portarias\/wp-json\/wp\/v2\/posts\/14013\/revisions\/191052"}],"wp:attachment":[{"href":"https:\/\/progepe.ufpr.br\/portarias\/wp-json\/wp\/v2\/media?parent=14013"}],"wp:term":[{"taxonomy":"category","embeddable":true,"href":"https:\/\/progepe.ufpr.br\/portarias\/wp-json\/wp\/v2\/categories?post=14013"},{"taxonomy":"post_tag","embeddable":true,"href":"https:\/\/progepe.ufpr.br\/portarias\/wp-json\/wp\/v2\/tags?post=14013"}],"curies":[{"name":"wp","href":"https:\/\/api.w.org\/{rel}","templated":true}]}}