{"id":14022,"date":"2019-11-01T10:00:00","date_gmt":"2019-11-01T13:00:00","guid":{"rendered":"http:\/\/progepe.ufpr.br\/portal\/?post_type=portarias&#038;p=14022"},"modified":"2023-08-03T12:50:56","modified_gmt":"2023-08-03T15:50:56","slug":"progepe-2019-04440","status":"publish","type":"post","link":"https:\/\/progepe.ufpr.br\/portarias\/progepe-2019-04440\/","title":{"rendered":"PORTARIA N\u00ba 04440\/PROGEPE, DE 01 DE NOVEMBRO DE 2019"},"content":{"rendered":"\n<p><strong>O Pr\u00f3-Reitor de Gest\u00e3o de Pessoas da Universidade Federal do Paran\u00e1, <\/strong>no uso de suas atribui\u00e7\u00f5es, considerando as disposi\u00e7\u00f5es da Portaria n\u00ba 52\/REITOR, de 18 de janeiro de 2017; o Contrato de Gest\u00e3o Especial Gratuita celebrado entre a Universidade Federal do Paran\u00e1 \u2013 UFPR, e a Empresa Brasileira de Servi\u00e7os Hospitalares \u2013 EBSERH, em 30\/10\/2014 e o contido no processo n\u00ba 23075.078908\/2019-79, <\/p>\n\n\n\n<p>RESOLVE: <\/p>\n\n\n\n<p><strong>Artigo 1\u00ba.<\/strong> Estabelecer as normas\ne os procedimentos a serem adotados pelos servidores lotados no Complexo\nHospital de Cl\u00ednicas\/UFPR, neste inclu\u00edda a Maternidade Victor Ferreira do\nAmaral, para a abertura e tramita\u00e7\u00e3o de processos no SEI\/EBSERH, bem como a\nconvers\u00e3o desses processos para o SEI\/UFPR, que versem sobre solicita\u00e7\u00f5es e\ntemas cuja compet\u00eancia de an\u00e1lise, manifesta\u00e7\u00e3o e\/ou decis\u00e3o sejam da\nPr\u00f3-Reitoria de Gest\u00e3o de Pessoas \u2013 PROGEPE.<\/p>\n\n\n\n<p><strong>Artigo 2\u00ba.<\/strong> Os servidores lotados\nno Complexo Hospital de Cl\u00ednicas\/UFPR, a partir de 01\/11\/2019, utilizar\u00e3o o\nSEI\/EBSERH para a abertura de processos administrativos em substitui\u00e7\u00e3o ao\nSIE\/UFPR.<\/p>\n\n\n\n<p><em>Par\u00e1grafo primeiro.<\/em> A forma de abertura,\npreenchimento de dados e tramita\u00e7\u00e3o do processo devem obedecer ao tutorial e \u00e0s\norienta\u00e7\u00f5es constantes nos formul\u00e1rios pr\u00f3prios da PROGEPE, disponibilizados no\nsite do Complexo Hospital de Cl\u00ednicas\/UFPR.<\/p>\n\n\n\n<p><em>Par\u00e1grafo segundo.<\/em> Os servidores s\u00e3o\nrespons\u00e1veis pela veracidade e pela integridade dos documentos inclu\u00eddos nos\nprocessos do SEI\/EBSERH e do SEI\/UFPR, respondendo por eventuais adultera\u00e7\u00f5es\nou fraudes nas vias administrativa, civil e criminal.<\/p>\n\n\n\n<p><em>Par\u00e1grafo terceiro. <\/em>A PROGEPE poder\u00e1 exigir,\na seu crit\u00e9rio e a qualquer tempo, a exibi\u00e7\u00e3o dos originais de documentos\ndigitalizados juntados em processos que tenham tramitado ou estejam em\ntramita\u00e7\u00e3o para eventuais confer\u00eancias e\/ou dilig\u00eancias.<\/p>\n\n\n\n<p><strong>Artigo 3\u00ba.<\/strong> Caber\u00e1 exclusivamente\na servidores pr\u00e9via e formalmente indicados pela Superintend\u00eancia do Complexo\nHospital de Cl\u00ednicas\/UFPR a obriga\u00e7\u00e3o de converter os processos abertos no\nSEI\/EBSERH para o SEI\/UFPR ante a aus\u00eancia de barramento entre os referidos\nsistemas.<\/p>\n\n\n\n<p><em>Par\u00e1grafo primeiro.<\/em> A forma de convers\u00e3o,\npreenchimento de dados e tramita\u00e7\u00e3o do processo devem obedecer ao tutorial, \u00e0s\norienta\u00e7\u00f5es constantes nos formul\u00e1rios pr\u00f3prios da PROGEPE, \u00e0 tabela com a\nrela\u00e7\u00e3o de unidades para os encaminhamentos de processos fornecidos pela\nPROGEPE aos servidores citados no <em>caput<\/em> do artigo 3\u00ba.<\/p>\n\n\n\n<p><em>Par\u00e1grafo segundo.<\/em> A convers\u00e3o dos\nprocessos entre o SEI\/EBSERH e SEI\/UFPR deve ser efetuada e mantida de forma a\npermitir sua eficiente localiza\u00e7\u00e3o e controle, mediante o preenchimento dos\ncampos pr\u00f3prios dos sistemas, considerando a necessidade de localiza\u00e7\u00e3o pelos\nusu\u00e1rios de ambos os sistemas tanto para envio \u00e0 PROGEPE como nos casos de\ndevolu\u00e7\u00e3o ao Complexo Hospital de Cl\u00ednicas\/UFPR para dilig\u00eancias ou ci\u00eancia dos\nservidores.<\/p>\n\n\n\n<p><em>Par\u00e1grafo terceiro.<\/em> Os processos, via de\nregra, devem ter n\u00edvel de acesso P\u00fablico e, excepcionalmente, Restrito ou\nSigiloso, com indica\u00e7\u00e3o da hip\u00f3tese legal aplic\u00e1vel.<\/p>\n\n\n\n<p><em>Par\u00e1grafo quarto.<\/em> O processo gerado no\nSEI\/EBSERH a ser inclu\u00eddo no SEI\/UFPR deve tamb\u00e9m conter como p\u00e1gina inicial a\ntramita\u00e7\u00e3o do processo SEI\/EBSERH , uma vez que a data inicial de abertura do\nprocesso \u00e9 informa\u00e7\u00e3o necess\u00e1ria para an\u00e1lise e concess\u00e3o de benef\u00edcios aos\nservidores regidos pelo Regime Jur\u00eddico \u00danico.<\/p>\n\n\n\n<p><strong>Artigo 4\u00ba.<\/strong> A consulta \u00e0\ntramita\u00e7\u00e3o de documentos sem restri\u00e7\u00e3o de acesso ocorrer\u00e1 a qualquer momento e\nsem formalidades, mediante pesquisa p\u00fablica dispon\u00edvel no site do Complexo\nHospital de Cl\u00ednicas\/UFPR por meio do n\u00famero do processo SEI\/UFPR, o qual\ndever\u00e1 ser registrado no processo SEI\/EBSERH para ci\u00eancia do interessado.<\/p>\n\n\n\n<p><strong>Artigo 5\u00ba.<\/strong> Para todos os\nefeitos, os atos processuais em meio eletr\u00f4nico s\u00e3o considerados no dia e na\nhora registrados pelo SEI.<\/p>\n\n\n\n<p><strong>Artigo 6\u00ba.<\/strong> Em caso de erro na\nmovimenta\u00e7\u00e3o de processo eletr\u00f4nico, a \u00e1rea de destino promover\u00e1 imediatamente\na devolu\u00e7\u00e3o do processo ao remetente ou seu envio \u00e0 \u00e1rea respons\u00e1vel pela\nan\u00e1lise.<\/p>\n\n\n\n<p><strong>Artigo 7\u00ba.<\/strong> As unidades da\nPROGEPE n\u00e3o receber\u00e3o protocolo de processos ou de documentos f\u00edsicos\napresentados pelos servidores lotados no Complexo Hospital de Cl\u00ednicas\/UFPR\nexceto quando tenham sido solicitados nos termos do par\u00e1grafo 3\u00ba do artigo 2\u00ba\ndesta Portaria.<\/p>\n\n\n\n<p><strong>Artigo 8\u00ba.<\/strong> As d\u00favidas e os casos\nomissos ser\u00e3o decididos pelo Pr\u00f3-Reitor de Gest\u00e3o de Pessoas.<\/p>\n\n\n\n<p><strong>Artigo 9\u00ba.<\/strong> Esta Portaria entrar\u00e1 em vigor na data de sua publica\u00e7\u00e3o.<\/p>\n\n\n\n<p><strong>DOUGLAS ORTIZ HAMERMULLER<\/strong><\/p>\n","protected":false},"excerpt":{"rendered":"<p>O Pr\u00f3-Reitor de Gest\u00e3o de Pessoas da Universidade Federal do Paran\u00e1, no uso de suas atribui\u00e7\u00f5es, considerando as disposi\u00e7\u00f5es da Portaria n\u00ba 52\/REITOR, de 18 de janeiro de 2017; o Contrato de Gest\u00e3o Especial Gratuita celebrado entre a Universidade Federal do Paran\u00e1 \u2013 UFPR, e a Empresa Brasileira de Servi\u00e7os Hospitalares \u2013 EBSERH, em 30\/10\/2014 [&hellip;]<\/p>\n","protected":false},"author":50,"featured_media":0,"comment_status":"closed","ping_status":"closed","sticky":false,"template":"","format":"standard","meta":{"_acf_changed":false,"iawp_total_views":1,"footnotes":""},"categories":[116],"tags":[119],"class_list":["post-14022","post","type-post","status-publish","format-standard","hentry","category-progepe","tag-diversos"],"acf":[],"_links":{"self":[{"href":"https:\/\/progepe.ufpr.br\/portarias\/wp-json\/wp\/v2\/posts\/14022","targetHints":{"allow":["GET"]}}],"collection":[{"href":"https:\/\/progepe.ufpr.br\/portarias\/wp-json\/wp\/v2\/posts"}],"about":[{"href":"https:\/\/progepe.ufpr.br\/portarias\/wp-json\/wp\/v2\/types\/post"}],"author":[{"embeddable":true,"href":"https:\/\/progepe.ufpr.br\/portarias\/wp-json\/wp\/v2\/users\/50"}],"replies":[{"embeddable":true,"href":"https:\/\/progepe.ufpr.br\/portarias\/wp-json\/wp\/v2\/comments?post=14022"}],"version-history":[{"count":1,"href":"https:\/\/progepe.ufpr.br\/portarias\/wp-json\/wp\/v2\/posts\/14022\/revisions"}],"predecessor-version":[{"id":191053,"href":"https:\/\/progepe.ufpr.br\/portarias\/wp-json\/wp\/v2\/posts\/14022\/revisions\/191053"}],"wp:attachment":[{"href":"https:\/\/progepe.ufpr.br\/portarias\/wp-json\/wp\/v2\/media?parent=14022"}],"wp:term":[{"taxonomy":"category","embeddable":true,"href":"https:\/\/progepe.ufpr.br\/portarias\/wp-json\/wp\/v2\/categories?post=14022"},{"taxonomy":"post_tag","embeddable":true,"href":"https:\/\/progepe.ufpr.br\/portarias\/wp-json\/wp\/v2\/tags?post=14022"}],"curies":[{"name":"wp","href":"https:\/\/api.w.org\/{rel}","templated":true}]}}