{"id":14742,"date":"2019-11-05T10:25:00","date_gmt":"2019-11-05T13:25:00","guid":{"rendered":"http:\/\/progepe.ufpr.br\/portal\/?post_type=portarias&#038;p=14742"},"modified":"2023-08-03T12:51:03","modified_gmt":"2023-08-03T15:51:03","slug":"progepe-2019-04486","status":"publish","type":"post","link":"https:\/\/progepe.ufpr.br\/portarias\/progepe-2019-04486\/","title":{"rendered":"PORTARIA N\u00ba 04486\/PROGEPE, DE 05 DE NOVEMBRO DE 2019"},"content":{"rendered":"\n<p><strong>O Pr\u00f3-Reitor de Gest\u00e3o de Pessoas da Universidade Federal do Paran\u00e1,<\/strong>  no uso de suas atribui\u00e7\u00f5es, tendo em vista a compet\u00eancia que lhe \u00e9  conferida pela Portaria n\u00ba 2.590, de 26 de setembro de 1997,  considerando o que consta nas Leis n\u00ba 8.745\/93 e 9.849\/99 e de acordo  com a Resolu\u00e7\u00e3o n\u00ba 92\/2006-CEPE; e ainda o contido no processo n\u00ba  23075.052311\/2019-02, <\/p>\n\n\n\n<p>RESOLVE:<\/p>\n\n\n\n<p>I. Autorizar a contrata\u00e7\u00e3o de REBECCA SARAY\n MARCHESINI STIVAL, como Professor Substituto, com sal\u00e1rio \ncorrespondente \u00e0 Classe A, Auxiliar Especialista, no regime de trabalho \nde 20 (vinte) horas semanais, para o Departamento de Medicina Integrada \ndo Setor de Ci\u00eancias da Sa\u00fade, a partir da assinatura do contrato at\u00e9 31\n de dezembro de 2019.<\/p>\n\n\n\n<p>II. Conceder retribui\u00e7\u00e3o por titula\u00e7\u00e3o, de  acordo com o art. 16, Inciso II e art. 17 da Lei 12.772\/12, tendo em  vista possuir T\u00edtulo de Especialista.<\/p>\n\n\n\n<p style=\"text-align:right\"><strong>DOUGLAS ORTIZ HAMERMULLER<\/strong><\/p>\n","protected":false},"excerpt":{"rendered":"<p>I. Autorizar a contrata\u00e7\u00e3o de REBECCA SARAY MARCHESINI STIVAL, como Professor Substituto, com sal\u00e1rio correspondente \u00e0 Classe A, Auxiliar Especialista, no regime de trabalho de 20 (vinte) horas semanais, para o Departamento de Medicina Integrada do Setor de Ci\u00eancias da Sa\u00fade, a partir da assinatura do contrato at\u00e9 31 de dezembro de 2019.  II. Conceder retribui\u00e7\u00e3o por titula\u00e7\u00e3o, de acordo com o art. 16, Inciso II e art. 17 da Lei 12.772\/12, tendo em vista possuir T\u00edtulo de Especialista.  <!-- wp:paragraph {\"align\":\"right\"} \n\n<p style=\"text-align:right\"><strong>DOUGLAS ORTIZ HAMERMULLER<\/strong>\n<\/p>\n","protected":false},"author":48,"featured_media":0,"comment_status":"closed","ping_status":"closed","sticky":false,"template":"","format":"standard","meta":{"_acf_changed":false,"iawp_total_views":0,"footnotes":""},"categories":[116],"tags":[141],"class_list":["post-14742","post","type-post","status-publish","format-standard","hentry","category-progepe","tag-contratacao"],"acf":[],"_links":{"self":[{"href":"https:\/\/progepe.ufpr.br\/portarias\/wp-json\/wp\/v2\/posts\/14742","targetHints":{"allow":["GET"]}}],"collection":[{"href":"https:\/\/progepe.ufpr.br\/portarias\/wp-json\/wp\/v2\/posts"}],"about":[{"href":"https:\/\/progepe.ufpr.br\/portarias\/wp-json\/wp\/v2\/types\/post"}],"author":[{"embeddable":true,"href":"https:\/\/progepe.ufpr.br\/portarias\/wp-json\/wp\/v2\/users\/48"}],"replies":[{"embeddable":true,"href":"https:\/\/progepe.ufpr.br\/portarias\/wp-json\/wp\/v2\/comments?post=14742"}],"version-history":[{"count":1,"href":"https:\/\/progepe.ufpr.br\/portarias\/wp-json\/wp\/v2\/posts\/14742\/revisions"}],"predecessor-version":[{"id":191129,"href":"https:\/\/progepe.ufpr.br\/portarias\/wp-json\/wp\/v2\/posts\/14742\/revisions\/191129"}],"wp:attachment":[{"href":"https:\/\/progepe.ufpr.br\/portarias\/wp-json\/wp\/v2\/media?parent=14742"}],"wp:term":[{"taxonomy":"category","embeddable":true,"href":"https:\/\/progepe.ufpr.br\/portarias\/wp-json\/wp\/v2\/categories?post=14742"},{"taxonomy":"post_tag","embeddable":true,"href":"https:\/\/progepe.ufpr.br\/portarias\/wp-json\/wp\/v2\/tags?post=14742"}],"curies":[{"name":"wp","href":"https:\/\/api.w.org\/{rel}","templated":true}]}}