{"id":14814,"date":"2019-11-07T05:06:00","date_gmt":"2019-11-07T08:06:00","guid":{"rendered":"http:\/\/progepe.ufpr.br\/portal\/?post_type=portarias&#038;p=14814"},"modified":"2023-08-03T13:16:43","modified_gmt":"2023-08-03T16:16:43","slug":"rt-2019-01062","status":"publish","type":"post","link":"https:\/\/progepe.ufpr.br\/portarias\/rt-2019-01062\/","title":{"rendered":"PORTARIA N\u00ba 01062\/REITORIA, DE 05 DE NOVEMBRO DE 2019"},"content":{"rendered":"\n<p><strong>A\nVice-Reitora da Universidade Federal do Paran\u00e1, no exerc\u00edcio do cargo de\nReitora<\/strong><strong>, <\/strong>no uso de suas\natribui\u00e7\u00f5es, tendo em vista o que consta no processo n\u00ba 23075.057118\/2019-50,<\/p>\n\n\n\n<p>RESOLVE:<\/p>\n\n\n\n<p>Designar para compor a Comiss\u00e3o Interna de\nSupervis\u00e3o do Plano de Carreira dos Cargos T\u00e9cnico-Administrativos em Educa\u00e7\u00e3o\n&#8211; CIS, pelo per\u00edodo de 03 (tr\u00eas) anos, os seguintes membros:<\/p>\n\n\n\n<p>MARCELO DARLAN DE OLIVEIRA &#8211;\n1139790<\/p>\n\n\n\n<p>DANILLO RAMOS DA SILVA &#8211; 2316789<\/p>\n\n\n\n<p>CRISTIANE DA SILVA LOPES &#8211;\n2407707<\/p>\n\n\n\n<p>MELISSA VICENTINI &#8211; 1652121<\/p>\n\n\n\n<p>JARDEL PELISSARI MACHADO &#8211;\n1893414<\/p>\n\n\n\n<p>SANDRA MARIA CABRAL SOUZA DA\nSILVA &#8211; 1751477<\/p>\n\n\n\n<p>CONSUELO TRANCOSO &#8211; 2152244<\/p>\n\n\n\n<p>CLENICE LUZIA VALESKY STROPARO &#8211;\nAposentada<\/p>\n\n\n\n<p>ELIS REGINA RIBAS &#8211; 2303765<\/p>\n\n\n\n<p>THAIS MANNALA &#8211; 2412591<\/p>\n\n\n\n<p>LUCIANO PIAZZETTA GYSI &#8211; 2998737<\/p>\n\n\n\n<p style=\"text-align:right\">Graciela\nInes Bolzon de Muniz<\/p>\n","protected":false},"excerpt":{"rendered":"<p>Designar para compor a Comiss\u00e3o Interna de Supervis\u00e3o do Plano de Carreira dos Cargos T\u00e9cnico-Administrativos em Educa\u00e7\u00e3o &#8211; CIS, pelo per\u00edodo de 03 (tr\u00eas) anos, os seguintes membros:  MARCELO DARLAN DE OLIVEIRA &#8211; 1139790  DANILLO RAMOS DA SILVA &#8211; 2316789  CRISTIANE DA SILVA LOPES &#8211; 2407707  MELISSA VICENTINI &#8211; 1652121  JARDEL PELISSARI MACHADO &#8211; 1893414  SANDRA MARIA CABRAL SOUZA DA SILVA &#8211; 1751477  CONSUELO TRANCOSO &#8211; 2152244  CLENICE LUZIA VALESKY STROPARO &#8211; Aposentada  ELIS REGINA RIBAS &#8211; 2303765  THAIS MANNALA &#8211; 2412591  LUCIANO PIAZZETTA GYSI &#8211; 2998737<\/p>\n","protected":false},"author":49,"featured_media":0,"comment_status":"closed","ping_status":"closed","sticky":false,"template":"","format":"standard","meta":{"_acf_changed":false,"iawp_total_views":1,"footnotes":""},"categories":[117],"tags":[124],"class_list":["post-14814","post","type-post","status-publish","format-standard","hentry","category-rt","tag-comissao"],"acf":[],"_links":{"self":[{"href":"https:\/\/progepe.ufpr.br\/portarias\/wp-json\/wp\/v2\/posts\/14814","targetHints":{"allow":["GET"]}}],"collection":[{"href":"https:\/\/progepe.ufpr.br\/portarias\/wp-json\/wp\/v2\/posts"}],"about":[{"href":"https:\/\/progepe.ufpr.br\/portarias\/wp-json\/wp\/v2\/types\/post"}],"author":[{"embeddable":true,"href":"https:\/\/progepe.ufpr.br\/portarias\/wp-json\/wp\/v2\/users\/49"}],"replies":[{"embeddable":true,"href":"https:\/\/progepe.ufpr.br\/portarias\/wp-json\/wp\/v2\/comments?post=14814"}],"version-history":[{"count":1,"href":"https:\/\/progepe.ufpr.br\/portarias\/wp-json\/wp\/v2\/posts\/14814\/revisions"}],"predecessor-version":[{"id":191138,"href":"https:\/\/progepe.ufpr.br\/portarias\/wp-json\/wp\/v2\/posts\/14814\/revisions\/191138"}],"wp:attachment":[{"href":"https:\/\/progepe.ufpr.br\/portarias\/wp-json\/wp\/v2\/media?parent=14814"}],"wp:term":[{"taxonomy":"category","embeddable":true,"href":"https:\/\/progepe.ufpr.br\/portarias\/wp-json\/wp\/v2\/categories?post=14814"},{"taxonomy":"post_tag","embeddable":true,"href":"https:\/\/progepe.ufpr.br\/portarias\/wp-json\/wp\/v2\/tags?post=14814"}],"curies":[{"name":"wp","href":"https:\/\/api.w.org\/{rel}","templated":true}]}}