{"id":14826,"date":"2019-11-07T05:08:00","date_gmt":"2019-11-07T08:08:00","guid":{"rendered":"http:\/\/progepe.ufpr.br\/portal\/?post_type=portarias&#038;p=14826"},"modified":"2023-08-03T13:16:43","modified_gmt":"2023-08-03T16:16:43","slug":"rt-2019-01065","status":"publish","type":"post","link":"https:\/\/progepe.ufpr.br\/portarias\/rt-2019-01065\/","title":{"rendered":"PORTARIA N\u00ba 01065\/REITORIA, DE 06 DE NOVEMBRO DE 2019"},"content":{"rendered":"\n<p><strong>A Vice-Reitora da Universidade Federal do Paran\u00e1, no exerc\u00edcio do cargo\nde Reitora, <\/strong>no uso de suas atribui\u00e7\u00f5es e tendo em vista o que consta\nno processo n\u00ba 23075.250001\/2016-09,<\/p>\n\n\n\n<p>RESOLVE:<\/p>\n\n\n\n<p>Alterar a Portaria\nn\u00ba 52\/REITORIA, de 18 de janeiro de 2019, que instituiu o Sistema Eletr\u00f4nico de Informa\u00e7\u00f5es\n(SEI) no \u00e2mbito da Universidade Federal do Paran\u00e1 (UFPR), como sistema oficial\nde gest\u00e3o de processos e documentos eletr\u00f4nicos, retificada pela Portaria n\u00ba 146\/REITORIA,\nde 07 de mar\u00e7o de 2017, para fazer constar a nova reda\u00e7\u00e3o do Art. 5\u00ba, conforme\ndescrito abaixo, tendo em vista a implanta\u00e7\u00e3o do Sistema SEI\/EBSERH:<\/p>\n\n\n\n<p>Art. 5\u00ba &#8211;\nOs processos e documentos do&nbsp;Complexo Hospital de Cl\u00ednicas (CHC)\ntramitar\u00e3o inicialmente pelo sistema SEI\/EBSERH, sendo posteriormente inclu\u00eddos\nno sistema SEI\/UFPR conforme as orienta\u00e7\u00f5es ou normas relativas a cada tipo de\nprocesso.<\/p>\n\n\n\n<p style=\"text-align:right\">Graciela Ines Bolzon de Muniz<\/p>\n","protected":false},"excerpt":{"rendered":"<p>Alterar a Portaria n\u00ba 52\/REITORIA, de 18 de janeiro de 2019, que instituiu o Sistema Eletr\u00f4nico de Informa\u00e7\u00f5es (SEI) no \u00e2mbito da Universidade Federal do Paran\u00e1 (UFPR), como sistema oficial de gest\u00e3o de processos e documentos eletr\u00f4nicos, retificada pela Portaria n\u00ba 146\/REITORIA, de 07 de mar\u00e7o de 2017, para fazer constar a nova reda\u00e7\u00e3o do Art. 5\u00ba, conforme descrito abaixo, tendo em vista a implanta\u00e7\u00e3o do Sistema SEI\/EBSERH:  Art. 5\u00ba &#8211; Os processos e documentos do&nbsp;Complexo Hospital de Cl\u00ednicas (CHC) tramitar\u00e3o inicialmente pelo sistema SEI\/EBSERH, sendo posteriormente inclu\u00eddos no sistema SEI\/UFPR conforme as orienta\u00e7\u00f5es ou normas relativas<\/p>\n","protected":false},"author":49,"featured_media":0,"comment_status":"closed","ping_status":"closed","sticky":false,"template":"","format":"standard","meta":{"_acf_changed":false,"iawp_total_views":0,"footnotes":""},"categories":[117],"tags":[119],"class_list":["post-14826","post","type-post","status-publish","format-standard","hentry","category-rt","tag-diversos"],"acf":[],"_links":{"self":[{"href":"https:\/\/progepe.ufpr.br\/portarias\/wp-json\/wp\/v2\/posts\/14826","targetHints":{"allow":["GET"]}}],"collection":[{"href":"https:\/\/progepe.ufpr.br\/portarias\/wp-json\/wp\/v2\/posts"}],"about":[{"href":"https:\/\/progepe.ufpr.br\/portarias\/wp-json\/wp\/v2\/types\/post"}],"author":[{"embeddable":true,"href":"https:\/\/progepe.ufpr.br\/portarias\/wp-json\/wp\/v2\/users\/49"}],"replies":[{"embeddable":true,"href":"https:\/\/progepe.ufpr.br\/portarias\/wp-json\/wp\/v2\/comments?post=14826"}],"version-history":[{"count":1,"href":"https:\/\/progepe.ufpr.br\/portarias\/wp-json\/wp\/v2\/posts\/14826\/revisions"}],"predecessor-version":[{"id":191140,"href":"https:\/\/progepe.ufpr.br\/portarias\/wp-json\/wp\/v2\/posts\/14826\/revisions\/191140"}],"wp:attachment":[{"href":"https:\/\/progepe.ufpr.br\/portarias\/wp-json\/wp\/v2\/media?parent=14826"}],"wp:term":[{"taxonomy":"category","embeddable":true,"href":"https:\/\/progepe.ufpr.br\/portarias\/wp-json\/wp\/v2\/categories?post=14826"},{"taxonomy":"post_tag","embeddable":true,"href":"https:\/\/progepe.ufpr.br\/portarias\/wp-json\/wp\/v2\/tags?post=14826"}],"curies":[{"name":"wp","href":"https:\/\/api.w.org\/{rel}","templated":true}]}}