{"id":14898,"date":"2019-11-08T05:06:00","date_gmt":"2019-11-08T08:06:00","guid":{"rendered":"http:\/\/progepe.ufpr.br\/portal\/?post_type=portarias&#038;p=14898"},"modified":"2023-08-03T13:16:44","modified_gmt":"2023-08-03T16:16:44","slug":"rt-2019-01059","status":"publish","type":"post","link":"https:\/\/progepe.ufpr.br\/portarias\/rt-2019-01059\/","title":{"rendered":"PORTARIA N\u00ba 01059\/REITORIA, DE 05 DE NOVEMBRO DE 2019"},"content":{"rendered":"\n<p><strong>A Vice-Reitora da Universidade Federal do Paran\u00e1, no exerc\u00edcio do cargo de Reitora,<\/strong>no  uso de suas atribui\u00e7\u00f5es, tendo em vista a compet\u00eancia que lhe \u00e9  conferida pela Portaria n\u00ba 1.427\/MEC, de 06 de agosto de 2019, publicada  no DOU de 07.08.2019; o que consta no Art. 9\u00ba, inciso I da Lei n\u00ba  8.112\/90; Decreto n\u00ba 7.485, de 18.05.2011, publicado no DOU de  19.05.2011, atualizado pelo Decreto n\u00ba 8.259, de 20.05.2014, publicado  no DOU de 30.05.2014; Lei n\u00ba 12.772\/2012 e suas altera\u00e7\u00f5es; e ainda o  que consta no processo n\u00ba 23075.060674\/2019-11, <\/p>\n\n\n\n<p>RESOLVE:<\/p>\n\n\n\n<p> Tornar sem efeito a Portaria n\u00ba 773\/REITORIA, de 17 de setembro de 2019,  que nomeou em car\u00e1ter efetivo CAMILA MARIE ENDO, para o cargo de M\u00e9dico  Anestesiologista, tendo em vista que o mesmo n\u00e3o tomou posse no prazo  previsto no Art, 13, \u00a7 1\u00ba da Lei n\u00ba 8.112\/90. <\/p>\n\n\n\n<p style=\"text-align:right\"><strong>GRACIELA INES BOLZON DE MUNIZ<\/strong><\/p>\n","protected":false},"excerpt":{"rendered":"<p>Tornar sem efeito a Portaria n\u00ba 773\/REITORIA, de 17 de setembro de 2019, que nomeou em car\u00e1ter efetivo CAMILA MARIE ENDO, para o cargo de M\u00e9dico Anestesiologista, tendo em vista que o mesmo n\u00e3o tomou posse no prazo previsto no Art, 13, \u00a7 1\u00ba da Lei n\u00ba 8.112\/90.  <!-- wp:paragraph {\"align\":\"right\"} \n\n<p style=\"text-align:right\"><strong>GRACIELA INES BOLZON DE MUNIZ<\/strong>\n<\/p>\n","protected":false},"author":48,"featured_media":0,"comment_status":"closed","ping_status":"closed","sticky":false,"template":"","format":"standard","meta":{"_acf_changed":false,"iawp_total_views":0,"footnotes":""},"categories":[117],"tags":[121],"class_list":["post-14898","post","type-post","status-publish","format-standard","hentry","category-rt","tag-nomeacao"],"acf":[],"_links":{"self":[{"href":"https:\/\/progepe.ufpr.br\/portarias\/wp-json\/wp\/v2\/posts\/14898","targetHints":{"allow":["GET"]}}],"collection":[{"href":"https:\/\/progepe.ufpr.br\/portarias\/wp-json\/wp\/v2\/posts"}],"about":[{"href":"https:\/\/progepe.ufpr.br\/portarias\/wp-json\/wp\/v2\/types\/post"}],"author":[{"embeddable":true,"href":"https:\/\/progepe.ufpr.br\/portarias\/wp-json\/wp\/v2\/users\/48"}],"replies":[{"embeddable":true,"href":"https:\/\/progepe.ufpr.br\/portarias\/wp-json\/wp\/v2\/comments?post=14898"}],"version-history":[{"count":1,"href":"https:\/\/progepe.ufpr.br\/portarias\/wp-json\/wp\/v2\/posts\/14898\/revisions"}],"predecessor-version":[{"id":191143,"href":"https:\/\/progepe.ufpr.br\/portarias\/wp-json\/wp\/v2\/posts\/14898\/revisions\/191143"}],"wp:attachment":[{"href":"https:\/\/progepe.ufpr.br\/portarias\/wp-json\/wp\/v2\/media?parent=14898"}],"wp:term":[{"taxonomy":"category","embeddable":true,"href":"https:\/\/progepe.ufpr.br\/portarias\/wp-json\/wp\/v2\/categories?post=14898"},{"taxonomy":"post_tag","embeddable":true,"href":"https:\/\/progepe.ufpr.br\/portarias\/wp-json\/wp\/v2\/tags?post=14898"}],"curies":[{"name":"wp","href":"https:\/\/api.w.org\/{rel}","templated":true}]}}