{"id":14961,"date":"2019-11-08T05:09:00","date_gmt":"2019-11-08T08:09:00","guid":{"rendered":"http:\/\/progepe.ufpr.br\/portal\/?post_type=portarias&#038;p=14961"},"modified":"2023-08-03T13:16:44","modified_gmt":"2023-08-03T16:16:44","slug":"rt-2019-01073","status":"publish","type":"post","link":"https:\/\/progepe.ufpr.br\/portarias\/rt-2019-01073\/","title":{"rendered":"PORTARIA N\u00ba 01073\/REITORIA, DE 07 DE NOVEMBRO DE 2019"},"content":{"rendered":"\n<p><strong>A Vice-Reitora da Universidade Federal do Paran\u00e1, no exerc\u00edcio do cargo de Reitora,\u00a0<\/strong>no uso de suas atribui\u00e7\u00f5es, tendo em vista o processo de substitui\u00e7\u00e3o de terceirizados por empregados p\u00fablicos da EBSERH; o processo de desligamento dos empregados celetistas da FUNPAR que laboram junto ao Hospital de Cl\u00ednicas da UFPR; o processo do Tribunal de Contas da Uni\u00e3o &#8211; TC016.954\/2009-5; os Autos do Minist\u00e9rio P\u00fablico do Trabalho &#8211; ACPCiv n\u00ba 9890800-40.2002.5.09.0001; e o que consta no processo n\u00ba 23075.080857\/2019-45, <\/p>\n\n\n\n<p>RESOLVE: <\/p>\n\n\n\n<p>Designar para compor a comiss\u00e3o para estabelecer crit\u00e9rios de\nperiodicidade no caso de eventuais dispensas dos empregados celetistas da\nFUNPAR:<\/p>\n\n\n\n<p><strong>Presidente:<\/strong><\/p>\n\n\n\n<p>MARINES DE PAULI THOMAZ&nbsp;&#8211; 1170370<\/p>\n\n\n\n<p><strong>Membros:<\/strong><\/p>\n\n\n\n<p>ALINE PEREIRA DOS SANTOS<\/p>\n\n\n\n<p>MONICA EVELISE SILVEIRA&nbsp;&#8211; 1204153<\/p>\n\n\n\n<p>ROSANA REGINA NUNES DA SILVA LOUREN\u00c7O<\/p>\n\n\n\n<p style=\"text-align:right\"><strong>GRACIELA INES BOLZON DE MUNIZ<\/strong><\/p>\n","protected":false},"excerpt":{"rendered":"<p>A Vice-Reitora da Universidade Federal do Paran\u00e1, no exerc\u00edcio do cargo de Reitora,\u00a0no uso de suas atribui\u00e7\u00f5es, tendo em vista o processo de substitui\u00e7\u00e3o de terceirizados por empregados p\u00fablicos da EBSERH; o processo de desligamento dos empregados celetistas da FUNPAR que laboram junto ao Hospital de Cl\u00ednicas da UFPR; o processo do Tribunal de Contas [&hellip;]<\/p>\n","protected":false},"author":50,"featured_media":0,"comment_status":"closed","ping_status":"closed","sticky":false,"template":"","format":"standard","meta":{"_acf_changed":false,"iawp_total_views":1,"footnotes":""},"categories":[117],"tags":[124],"class_list":["post-14961","post","type-post","status-publish","format-standard","hentry","category-rt","tag-comissao"],"acf":[],"_links":{"self":[{"href":"https:\/\/progepe.ufpr.br\/portarias\/wp-json\/wp\/v2\/posts\/14961","targetHints":{"allow":["GET"]}}],"collection":[{"href":"https:\/\/progepe.ufpr.br\/portarias\/wp-json\/wp\/v2\/posts"}],"about":[{"href":"https:\/\/progepe.ufpr.br\/portarias\/wp-json\/wp\/v2\/types\/post"}],"author":[{"embeddable":true,"href":"https:\/\/progepe.ufpr.br\/portarias\/wp-json\/wp\/v2\/users\/50"}],"replies":[{"embeddable":true,"href":"https:\/\/progepe.ufpr.br\/portarias\/wp-json\/wp\/v2\/comments?post=14961"}],"version-history":[{"count":1,"href":"https:\/\/progepe.ufpr.br\/portarias\/wp-json\/wp\/v2\/posts\/14961\/revisions"}],"predecessor-version":[{"id":191148,"href":"https:\/\/progepe.ufpr.br\/portarias\/wp-json\/wp\/v2\/posts\/14961\/revisions\/191148"}],"wp:attachment":[{"href":"https:\/\/progepe.ufpr.br\/portarias\/wp-json\/wp\/v2\/media?parent=14961"}],"wp:term":[{"taxonomy":"category","embeddable":true,"href":"https:\/\/progepe.ufpr.br\/portarias\/wp-json\/wp\/v2\/categories?post=14961"},{"taxonomy":"post_tag","embeddable":true,"href":"https:\/\/progepe.ufpr.br\/portarias\/wp-json\/wp\/v2\/tags?post=14961"}],"curies":[{"name":"wp","href":"https:\/\/api.w.org\/{rel}","templated":true}]}}