{"id":14967,"date":"2019-11-08T05:10:00","date_gmt":"2019-11-08T08:10:00","guid":{"rendered":"http:\/\/progepe.ufpr.br\/portal\/?post_type=portarias&#038;p=14967"},"modified":"2023-08-03T13:16:44","modified_gmt":"2023-08-03T16:16:44","slug":"rt-2019-01074","status":"publish","type":"post","link":"https:\/\/progepe.ufpr.br\/portarias\/rt-2019-01074\/","title":{"rendered":"PORTARIA N\u00ba 01074\/REITORIA, DE 07 DE NOVEMBRO DE 2019"},"content":{"rendered":"\n<p><strong>A Vice-Reitora da Universidade Federal do Paran\u00e1,\u00a0 no exerc\u00edcio do cargo de Reitora, <\/strong>no uso de suas atribui\u00e7\u00f5es, tendo em vista o processo de substitui\u00e7\u00e3o de terceirizados por empregados p\u00fablicos da EBSERH; o processo de desligamento dos empregados celetistas da FUNPAR que laboram junto ao Hospital de Cl\u00ednicas da UFPR; o processo do Tribunal de Contas da Uni\u00e3o &#8211; TC 016.954\/2009-5; os Autos do Minist\u00e9rio P\u00fablico do Trabalho &#8211; ACPCiv n\u00ba 9890800-40.2002.5.09.0001; tendo em vista a creche Pipa Encantada que atualmente \u00e9 administrada, em sua maioria, por empregados celetistas da FUNPAR;\u00a0e, o que consta no processo n\u00ba 23075.080866\/2019-36, <\/p>\n\n\n\n<p>RESOLVE: <\/p>\n\n\n\n<p>Designar para compor a comiss\u00e3o para avalia\u00e7\u00e3o das condi\u00e7\u00f5es pedag\u00f3gicas\npara eventual manuten\u00e7\u00e3o das atividades da creche Pipa Encantada durante o ano\nde 2020.<\/p>\n\n\n\n<p><strong>Presidente:<\/strong><\/p>\n\n\n\n<p>MARINES DE PAULI THOMAZ&nbsp;&#8211; 1170370<\/p>\n\n\n\n<p><strong>Membros:<\/strong><\/p>\n\n\n\n<p>ADRIANA PALHARES DA SILVA &#8211; EBSERH<\/p>\n\n\n\n<p>EDINEIA FLORENCIO PEREIRA &#8211; FUNPAR<\/p>\n\n\n\n<p>GRAZIELA LUCCHESI ROSA DA SILVA &#8211; 1620718<\/p>\n\n\n\n<p>KARINE FREITAS DE SIQUEIRA BASSO &#8211; 2067010<\/p>\n\n\n\n<p>MONICA EVELISE SILVEIRA&nbsp;&#8211; 1204153<\/p>\n\n\n\n<p style=\"text-align:right\"><strong>GRACIELA INES BOLZON DE MUNIZ<\/strong><\/p>\n","protected":false},"excerpt":{"rendered":"<p>A Vice-Reitora da Universidade Federal do Paran\u00e1,\u00a0 no exerc\u00edcio do cargo de Reitora, no uso de suas atribui\u00e7\u00f5es, tendo em vista o processo de substitui\u00e7\u00e3o de terceirizados por empregados p\u00fablicos da EBSERH; o processo de desligamento dos empregados celetistas da FUNPAR que laboram junto ao Hospital de Cl\u00ednicas da UFPR; o processo do Tribunal de [&hellip;]<\/p>\n","protected":false},"author":50,"featured_media":0,"comment_status":"closed","ping_status":"closed","sticky":false,"template":"","format":"standard","meta":{"_acf_changed":false,"iawp_total_views":3,"footnotes":""},"categories":[117],"tags":[124],"class_list":["post-14967","post","type-post","status-publish","format-standard","hentry","category-rt","tag-comissao"],"acf":[],"_links":{"self":[{"href":"https:\/\/progepe.ufpr.br\/portarias\/wp-json\/wp\/v2\/posts\/14967","targetHints":{"allow":["GET"]}}],"collection":[{"href":"https:\/\/progepe.ufpr.br\/portarias\/wp-json\/wp\/v2\/posts"}],"about":[{"href":"https:\/\/progepe.ufpr.br\/portarias\/wp-json\/wp\/v2\/types\/post"}],"author":[{"embeddable":true,"href":"https:\/\/progepe.ufpr.br\/portarias\/wp-json\/wp\/v2\/users\/50"}],"replies":[{"embeddable":true,"href":"https:\/\/progepe.ufpr.br\/portarias\/wp-json\/wp\/v2\/comments?post=14967"}],"version-history":[{"count":1,"href":"https:\/\/progepe.ufpr.br\/portarias\/wp-json\/wp\/v2\/posts\/14967\/revisions"}],"predecessor-version":[{"id":191149,"href":"https:\/\/progepe.ufpr.br\/portarias\/wp-json\/wp\/v2\/posts\/14967\/revisions\/191149"}],"wp:attachment":[{"href":"https:\/\/progepe.ufpr.br\/portarias\/wp-json\/wp\/v2\/media?parent=14967"}],"wp:term":[{"taxonomy":"category","embeddable":true,"href":"https:\/\/progepe.ufpr.br\/portarias\/wp-json\/wp\/v2\/categories?post=14967"},{"taxonomy":"post_tag","embeddable":true,"href":"https:\/\/progepe.ufpr.br\/portarias\/wp-json\/wp\/v2\/tags?post=14967"}],"curies":[{"name":"wp","href":"https:\/\/api.w.org\/{rel}","templated":true}]}}