{"id":14979,"date":"2019-11-08T05:07:00","date_gmt":"2019-11-08T08:07:00","guid":{"rendered":"http:\/\/progepe.ufpr.br\/portal\/?post_type=portarias&#038;p=14979"},"modified":"2023-08-03T13:16:44","modified_gmt":"2023-08-03T16:16:44","slug":"rt-2019-01063","status":"publish","type":"post","link":"https:\/\/progepe.ufpr.br\/portarias\/rt-2019-01063\/","title":{"rendered":"PORTARIA N\u00ba 01063\/REITORIA, DE 06 DE NOVEMBRO DE 2019"},"content":{"rendered":"\n<p><strong>A\nVice-Reitora da Universidade Federal do Paran\u00e1, no exerc\u00edcio do cargo de\nReitora<\/strong><strong>, <\/strong>no uso de suas atribui\u00e7\u00f5es, tendo em\nvista o que consta no processo n\u00ba 23075.074087\/2019-00,<\/p>\n\n\n\n<p>RESOLVE:<\/p>\n\n\n\n<p>I. Autorizar a prorroga\u00e7\u00e3o da\nlicen\u00e7a para prestar colabora\u00e7\u00e3o t\u00e9cnica junto a Universidade Federal da\nIntegra\u00e7\u00e3o Latino-Americana &#8211; UNILA, com remunera\u00e7\u00e3o, por 01 (um) ano, a partir\nde 01 de janeiro de 2020, para o servidor MARCELO\nCZAIKOWSKI &#8211; 1046886, ocupante do cargo de Auxiliar em\nAdministra\u00e7\u00e3o, lotado na Comiss\u00e3o de Licita\u00e7\u00e3o do Hospital de Cl\u00ednicas.<\/p>\n\n\n\n<p>II. Fica sob a\nresponsabilidade da Universidade\nFederal da Integra\u00e7\u00e3o Latino-Americana &#8211; UNILA, o encaminhamento da frequ\u00eancia do\ncitado servidor, at\u00e9 o 5\u00b0 (quinto) dia \u00fatil de cada m\u00eas, junto a esta\nInstitui\u00e7\u00e3o.<\/p>\n\n\n\n<p style=\"text-align:right\">Graciela Ines Bolzon de Muniz<\/p>\n","protected":false},"excerpt":{"rendered":"<p>I. Autorizar a prorroga\u00e7\u00e3o da licen\u00e7a para prestar colabora\u00e7\u00e3o t\u00e9cnica junto a Universidade Federal da Integra\u00e7\u00e3o Latino-Americana &#8211; UNILA, com remunera\u00e7\u00e3o, por 01 (um) ano, a partir de 01 de janeiro de 2020, para o servidor MARCELO CZAIKOWSKI &#8211; 1046886, ocupante do cargo de Auxiliar em Administra\u00e7\u00e3o, lotado na Comiss\u00e3o de Licita\u00e7\u00e3o do Hospital de Cl\u00ednicas.  II. Fica sob a responsabilidade da Universidade Federal da Integra\u00e7\u00e3o Latino-Americana &#8211; UNILA, o encaminhamento da frequ\u00eancia do citado servidor, at\u00e9 o 5\u00b0 (quinto) dia \u00fatil de cada m\u00eas, junto a esta Institui\u00e7\u00e3o.  <!-- wp:paragraph {\"align\":\"right\"} \n\n<p style=\"text-align:right\">Graciela Ines Bolzon\n<\/p>\n","protected":false},"author":49,"featured_media":0,"comment_status":"closed","ping_status":"closed","sticky":false,"template":"","format":"standard","meta":{"_acf_changed":false,"iawp_total_views":0,"footnotes":""},"categories":[117],"tags":[123],"class_list":["post-14979","post","type-post","status-publish","format-standard","hentry","category-rt","tag-afastamento-licenca"],"acf":[],"_links":{"self":[{"href":"https:\/\/progepe.ufpr.br\/portarias\/wp-json\/wp\/v2\/posts\/14979","targetHints":{"allow":["GET"]}}],"collection":[{"href":"https:\/\/progepe.ufpr.br\/portarias\/wp-json\/wp\/v2\/posts"}],"about":[{"href":"https:\/\/progepe.ufpr.br\/portarias\/wp-json\/wp\/v2\/types\/post"}],"author":[{"embeddable":true,"href":"https:\/\/progepe.ufpr.br\/portarias\/wp-json\/wp\/v2\/users\/49"}],"replies":[{"embeddable":true,"href":"https:\/\/progepe.ufpr.br\/portarias\/wp-json\/wp\/v2\/comments?post=14979"}],"version-history":[{"count":1,"href":"https:\/\/progepe.ufpr.br\/portarias\/wp-json\/wp\/v2\/posts\/14979\/revisions"}],"predecessor-version":[{"id":191151,"href":"https:\/\/progepe.ufpr.br\/portarias\/wp-json\/wp\/v2\/posts\/14979\/revisions\/191151"}],"wp:attachment":[{"href":"https:\/\/progepe.ufpr.br\/portarias\/wp-json\/wp\/v2\/media?parent=14979"}],"wp:term":[{"taxonomy":"category","embeddable":true,"href":"https:\/\/progepe.ufpr.br\/portarias\/wp-json\/wp\/v2\/categories?post=14979"},{"taxonomy":"post_tag","embeddable":true,"href":"https:\/\/progepe.ufpr.br\/portarias\/wp-json\/wp\/v2\/tags?post=14979"}],"curies":[{"name":"wp","href":"https:\/\/api.w.org\/{rel}","templated":true}]}}