{"id":14991,"date":"2019-11-08T05:08:00","date_gmt":"2019-11-08T08:08:00","guid":{"rendered":"http:\/\/progepe.ufpr.br\/portal\/?post_type=portarias&#038;p=14991"},"modified":"2023-08-03T13:16:44","modified_gmt":"2023-08-03T16:16:44","slug":"rt-2019-01067","status":"publish","type":"post","link":"https:\/\/progepe.ufpr.br\/portarias\/rt-2019-01067\/","title":{"rendered":"PORTARIA N\u00ba 01067\/REITORIA, DE 07 DE NOVEMBRO DE 2019"},"content":{"rendered":"\n<p><strong>A Vice-Reitora da Universidade Federal do Paran\u00e1, no exerc\u00edcio do cargo\nde Reitora, <\/strong>no uso de suas atribui\u00e7\u00f5es e tendo em vista o que consta\nno processo n\u00ba 23075.250001\/2016-09,<\/p>\n\n\n\n<p>RESOLVE:<\/p>\n\n\n\n<p>Retificar a\nPortaria n\u00ba 1.065\/REITORIA, de 06 de novembro de 2019, referente \u00e0 nova reda\u00e7\u00e3o\ndo Art. 5\u00ba da Portaria n\u00ba 52\/REITORIA, de 18 de janeiro de 2017:<\/p>\n\n\n\n<p>Onde se L\u00ea: Alterar a Portaria n\u00ba 52\/REITORIA,\nde 18 de janeiro de 2019&#8230; .<\/p>\n\n\n\n<p>Leia-se: Alterar a Portaria n\u00ba 52\/REITORIA, de 18 de\njaneiro de 2017&#8230; .<\/p>\n\n\n\n<p style=\"text-align:right\">Graciela Ines Bolzon de Muniz<\/p>\n","protected":false},"excerpt":{"rendered":"<p>Retificar a Portaria n\u00ba 1.065\/REITORIA, de 06 de novembro de 2019, referente \u00e0 nova reda\u00e7\u00e3o do Art. 5\u00ba da Portaria n\u00ba 52\/REITORIA, de 18 de janeiro de 2017:  Onde se L\u00ea: Alterar a Portaria n\u00ba 52\/REITORIA, de 18 de janeiro de 2019&#8230; .  Leia-se: Alterar a Portaria n\u00ba 52\/REITORIA, de 18 de janeiro de 2017&#8230; .  <!-- wp:paragraph {\"align\":\"right\"} \n\n<p style=\"text-align:right\">Graciela Ines Bolzon de Muniz\n<\/p>\n","protected":false},"author":49,"featured_media":0,"comment_status":"closed","ping_status":"closed","sticky":false,"template":"","format":"standard","meta":{"_acf_changed":false,"iawp_total_views":0,"footnotes":""},"categories":[117],"tags":[119],"class_list":["post-14991","post","type-post","status-publish","format-standard","hentry","category-rt","tag-diversos"],"acf":[],"_links":{"self":[{"href":"https:\/\/progepe.ufpr.br\/portarias\/wp-json\/wp\/v2\/posts\/14991","targetHints":{"allow":["GET"]}}],"collection":[{"href":"https:\/\/progepe.ufpr.br\/portarias\/wp-json\/wp\/v2\/posts"}],"about":[{"href":"https:\/\/progepe.ufpr.br\/portarias\/wp-json\/wp\/v2\/types\/post"}],"author":[{"embeddable":true,"href":"https:\/\/progepe.ufpr.br\/portarias\/wp-json\/wp\/v2\/users\/49"}],"replies":[{"embeddable":true,"href":"https:\/\/progepe.ufpr.br\/portarias\/wp-json\/wp\/v2\/comments?post=14991"}],"version-history":[{"count":1,"href":"https:\/\/progepe.ufpr.br\/portarias\/wp-json\/wp\/v2\/posts\/14991\/revisions"}],"predecessor-version":[{"id":191152,"href":"https:\/\/progepe.ufpr.br\/portarias\/wp-json\/wp\/v2\/posts\/14991\/revisions\/191152"}],"wp:attachment":[{"href":"https:\/\/progepe.ufpr.br\/portarias\/wp-json\/wp\/v2\/media?parent=14991"}],"wp:term":[{"taxonomy":"category","embeddable":true,"href":"https:\/\/progepe.ufpr.br\/portarias\/wp-json\/wp\/v2\/categories?post=14991"},{"taxonomy":"post_tag","embeddable":true,"href":"https:\/\/progepe.ufpr.br\/portarias\/wp-json\/wp\/v2\/tags?post=14991"}],"curies":[{"name":"wp","href":"https:\/\/api.w.org\/{rel}","templated":true}]}}