{"id":15003,"date":"2019-11-06T10:22:00","date_gmt":"2019-11-06T13:22:00","guid":{"rendered":"http:\/\/progepe.ufpr.br\/portal\/?post_type=portarias&#038;p=15003"},"modified":"2023-08-03T12:51:07","modified_gmt":"2023-08-03T15:51:07","slug":"progepe-2019-04516","status":"publish","type":"post","link":"https:\/\/progepe.ufpr.br\/portarias\/progepe-2019-04516\/","title":{"rendered":"PORTARIA N\u00ba 04516\/PROGEPE, DE 06 DE NOVEMBRO DE 2019"},"content":{"rendered":"\n<p><strong>O Pr\u00f3-Reitor de Gest\u00e3o de Pessoas da Universidade Federal do Paran\u00e1<\/strong><strong>,<\/strong> no uso de suas atribui\u00e7\u00f5es, tendo em vista a\ncompet\u00eancia que lhe \u00e9 conferida pela Portaria n\u00ba 2.590, de 26 de setembro de\n1997 e considerando o que consta no processo n\u00ba 23075.062811\/2019-44,<\/p>\n\n\n\n<p>RESOLVE:<\/p>\n\n\n\n<p>Retificar\na Portaria n\u00ba 4.464\/PROGEPE, de 05 de novembro de 2019, referente \u00e0 concess\u00e3o\nde licen\u00e7a para capacita\u00e7\u00e3o do servidor JUAREZ\nDE LARA JUNIOR &#8211; 2222871,\nocupante do cargo de T\u00e9cnico de Tecnologia da Informa\u00e7\u00e3o, lotado no Setor de Ci\u00eancias\nda Sa\u00fade:<\/p>\n\n\n\n<p>Onde se\nL\u00ea: &#8230; com a finalidade de realizar o Curso a dist\u00e2ncia \u201cAlgoritmos e\nPrograma\u00e7\u00e3o em Java 12\u201d&#8230; .<\/p>\n\n\n\n<p>Leia-se: &#8230; com a finalidade de realizar os Cursos a dist\u00e2ncia\n\u201cJava na Pr\u00e1tica\u201d e \u201cLinguagem de Programa\u00e7\u00e3o de Java\u201d&#8230; .<\/p>\n\n\n\n<p style=\"text-align:right\">Douglas Ortiz Hamermuller<\/p>\n","protected":false},"excerpt":{"rendered":"<p>Retificar a Portaria n\u00ba 4.464\/PROGEPE, de 05 de novembro de 2019, referente \u00e0 concess\u00e3o de licen\u00e7a para capacita\u00e7\u00e3o do servidor JUAREZ DE LARA JUNIOR &#8211; 2222871, ocupante do cargo de T\u00e9cnico de Tecnologia da Informa\u00e7\u00e3o, lotado no Setor de Ci\u00eancias da Sa\u00fade:  Onde se L\u00ea: &#8230; com a finalidade de realizar o Curso a dist\u00e2ncia \u201cAlgoritmos e Programa\u00e7\u00e3o em Java 12\u201d&#8230; .  Leia-se: &#8230; com a finalidade de realizar os Cursos a dist\u00e2ncia \u201cJava na Pr\u00e1tica\u201d e \u201cLinguagem de Programa\u00e7\u00e3o de Java\u201d&#8230; .  <!-- wp:paragraph {\"align\":\"right\"} \n\n<p style=\"text-align:right\">Douglas Ortiz Hamermuller\n<\/p>\n","protected":false},"author":49,"featured_media":0,"comment_status":"closed","ping_status":"closed","sticky":false,"template":"","format":"standard","meta":{"_acf_changed":false,"iawp_total_views":0,"footnotes":""},"categories":[116],"tags":[123],"class_list":["post-15003","post","type-post","status-publish","format-standard","hentry","category-progepe","tag-afastamento-licenca"],"acf":[],"_links":{"self":[{"href":"https:\/\/progepe.ufpr.br\/portarias\/wp-json\/wp\/v2\/posts\/15003","targetHints":{"allow":["GET"]}}],"collection":[{"href":"https:\/\/progepe.ufpr.br\/portarias\/wp-json\/wp\/v2\/posts"}],"about":[{"href":"https:\/\/progepe.ufpr.br\/portarias\/wp-json\/wp\/v2\/types\/post"}],"author":[{"embeddable":true,"href":"https:\/\/progepe.ufpr.br\/portarias\/wp-json\/wp\/v2\/users\/49"}],"replies":[{"embeddable":true,"href":"https:\/\/progepe.ufpr.br\/portarias\/wp-json\/wp\/v2\/comments?post=15003"}],"version-history":[{"count":1,"href":"https:\/\/progepe.ufpr.br\/portarias\/wp-json\/wp\/v2\/posts\/15003\/revisions"}],"predecessor-version":[{"id":191153,"href":"https:\/\/progepe.ufpr.br\/portarias\/wp-json\/wp\/v2\/posts\/15003\/revisions\/191153"}],"wp:attachment":[{"href":"https:\/\/progepe.ufpr.br\/portarias\/wp-json\/wp\/v2\/media?parent=15003"}],"wp:term":[{"taxonomy":"category","embeddable":true,"href":"https:\/\/progepe.ufpr.br\/portarias\/wp-json\/wp\/v2\/categories?post=15003"},{"taxonomy":"post_tag","embeddable":true,"href":"https:\/\/progepe.ufpr.br\/portarias\/wp-json\/wp\/v2\/tags?post=15003"}],"curies":[{"name":"wp","href":"https:\/\/api.w.org\/{rel}","templated":true}]}}