{"id":15084,"date":"2019-11-07T10:36:00","date_gmt":"2019-11-07T13:36:00","guid":{"rendered":"http:\/\/progepe.ufpr.br\/portal\/?post_type=portarias&#038;p=15084"},"modified":"2023-08-03T12:51:11","modified_gmt":"2023-08-03T15:51:11","slug":"progepe-2019-04554","status":"publish","type":"post","link":"https:\/\/progepe.ufpr.br\/portarias\/progepe-2019-04554\/","title":{"rendered":"PORTARIA N\u00ba 04554\/PROGEPE, DE 07 DE NOVEMBRO DE 2019"},"content":{"rendered":"\n<p><strong>A Pr\u00f3-Reitora de Gest\u00e3o de Pessoas da Universidade Federal do Paran\u00e1 em\nexerc\u00edcio,<\/strong> no uso de suas atribui\u00e7\u00f5es, tendo em vista a\ncompet\u00eancia que lhe \u00e9 conferida pela Portaria n\u00ba 2.590, de 26 de setembro de\n1997; o contido na Resolu\u00e7\u00e3o n\u00ba 002\/2000-COPLAD; e, o que consta no processo n\u00ba\n23075.080479\/2019-08,<\/p>\n\n\n\n<p>RESOLVE:<\/p>\n\n\n\n<p>Designar para compor a comiss\u00e3o respons\u00e1vel pela\nprimeira etapa da avalia\u00e7\u00e3o de desempenho em est\u00e1gio probat\u00f3rio do servidor NELIO JUNIOR BARROS FIORENZA\n&#8211; 3105785, ocupante do cargo de Engenheiro de Seguran\u00e7a do\nTrabalho, lotado na Coordenadoria de Aten\u00e7\u00e3o Integral \u00e0 Sa\u00fade do Servidor da\nPr\u00f3-Reitoria de Gest\u00e3o de Pessoas, os seguintes membros:<\/p>\n\n\n\n<p>ANA SILVIA SCHEIBE &#8211; 3064266<\/p>\n\n\n\n<p>DOUGLAS ORTIZ HAMERMULLER &#8211;\n1560611<\/p>\n\n\n\n<p>MARCEL DA COSTA AMORIM &#8211; 1745525<\/p>\n\n\n\n<p style=\"text-align:right\">Lania\nVirginia Busnello Vaz<\/p>\n","protected":false},"excerpt":{"rendered":"<p>Designar para compor a comiss\u00e3o respons\u00e1vel pela primeira etapa da avalia\u00e7\u00e3o de desempenho em est\u00e1gio probat\u00f3rio do servidor NELIO JUNIOR BARROS FIORENZA &#8211; 3105785, ocupante do cargo de Engenheiro de Seguran\u00e7a do Trabalho, lotado na Coordenadoria de Aten\u00e7\u00e3o Integral \u00e0 Sa\u00fade do Servidor da Pr\u00f3-Reitoria de Gest\u00e3o de Pessoas, os seguintes membros:  ANA SILVIA SCHEIBE &#8211; 3064266  DOUGLAS ORTIZ HAMERMULLER &#8211; 1560611  MARCEL DA COSTA AMORIM &#8211; 1745525  <!-- wp:paragraph {\"align\":\"right\"} \n\n<p style=\"text-align:right\">Lania Virginia Busnello Vaz\n<\/p>\n","protected":false},"author":49,"featured_media":0,"comment_status":"closed","ping_status":"closed","sticky":false,"template":"","format":"standard","meta":{"_acf_changed":false,"iawp_total_views":0,"footnotes":""},"categories":[116],"tags":[124],"class_list":["post-15084","post","type-post","status-publish","format-standard","hentry","category-progepe","tag-comissao"],"acf":[],"_links":{"self":[{"href":"https:\/\/progepe.ufpr.br\/portarias\/wp-json\/wp\/v2\/posts\/15084","targetHints":{"allow":["GET"]}}],"collection":[{"href":"https:\/\/progepe.ufpr.br\/portarias\/wp-json\/wp\/v2\/posts"}],"about":[{"href":"https:\/\/progepe.ufpr.br\/portarias\/wp-json\/wp\/v2\/types\/post"}],"author":[{"embeddable":true,"href":"https:\/\/progepe.ufpr.br\/portarias\/wp-json\/wp\/v2\/users\/49"}],"replies":[{"embeddable":true,"href":"https:\/\/progepe.ufpr.br\/portarias\/wp-json\/wp\/v2\/comments?post=15084"}],"version-history":[{"count":1,"href":"https:\/\/progepe.ufpr.br\/portarias\/wp-json\/wp\/v2\/posts\/15084\/revisions"}],"predecessor-version":[{"id":191161,"href":"https:\/\/progepe.ufpr.br\/portarias\/wp-json\/wp\/v2\/posts\/15084\/revisions\/191161"}],"wp:attachment":[{"href":"https:\/\/progepe.ufpr.br\/portarias\/wp-json\/wp\/v2\/media?parent=15084"}],"wp:term":[{"taxonomy":"category","embeddable":true,"href":"https:\/\/progepe.ufpr.br\/portarias\/wp-json\/wp\/v2\/categories?post=15084"},{"taxonomy":"post_tag","embeddable":true,"href":"https:\/\/progepe.ufpr.br\/portarias\/wp-json\/wp\/v2\/tags?post=15084"}],"curies":[{"name":"wp","href":"https:\/\/api.w.org\/{rel}","templated":true}]}}